{"id":8370,"date":"2022-08-16T20:10:18","date_gmt":"2022-08-17T01:10:18","guid":{"rendered":"https:\/\/podernacional.com\/?p=8370"},"modified":"2022-08-17T01:10:20","modified_gmt":"2022-08-17T01:10:20","slug":"avanza-gobierno-de-zacatecas-en-la-ampliacion-y-modernizacion-de-la-vialidad-el-orito-entronque-carretera-a-guadalajara","status":"publish","type":"post","link":"https:\/\/podernacional.com\/?p=8370","title":{"rendered":"Avanza Gobierno de Zacatecas en la ampliaci\u00f3n y modernizaci\u00f3n de la Vialidad El Orito-Entronque Carretera a Guadalajara"},"content":{"rendered":"<h4>Esta obra dar\u00e1 fluidez a m\u00e1s de 15 mil veh\u00edculos<\/h4>\n<p>Vialidad: Los trabajos del proyecto carretero impulsan la actividad econ\u00f3mica creando 500 empleos directos y 700 indirectos<\/p>\n<p>Presenta un importante avance, en su primera etapa, en un trayecto de 7.7 kil\u00f3metros de construcci\u00f3n<\/p>\n<p>Zacatecas, Zac.- El Gobierno de Zacatecas avanza con los trabajos de la ampliaci\u00f3n y modernizaci\u00f3n de la Vialidad El Orito\u2013Entronque Carretera a Guadalajara y Durango.<\/p>\n<p>Guillermo Carrillo Pasillas, secretario de Obras P\u00fablicas, inform\u00f3 que la modernizaci\u00f3n de la vialidad El Orito-Entronque salida a Guadalajara y Durango.<\/p>\n<p>El cual ademas tiene una inversi\u00f3n cercana a los 375 millones de pesos y ser\u00e1 la base para la transformaci\u00f3n vial de Zacatecas y Guadalupe.<\/p>\n<p>Ademas de estar al propiciar mejores entornos sociales y de bienestar.<\/p>\n<p>La ampliaci\u00f3n de esta vialidad dar\u00e1 fluidez a los m\u00e1s de 15 mil veh\u00edculos que a diario transitan por esa zona.<\/p>\n<p>Adem\u00e1s, con los trabajos se impulsa la actividad econ\u00f3mica creando 500 empleos directos y 700 indirectos.<\/p>\n<h4>Agreg\u00f3 que el proyecto prev\u00e9, en una primera etapa, la ampliaci\u00f3n de la vialidad con carpeta asf\u00e1ltica a cuatro carriles.<\/h4>\n<p>Es decir, a dos carriles por sentido, en un trayecto de 7.7 kil\u00f3metros.<\/p>\n<p>En algunos tramos, donde la vialidad lo permita, se ampliar\u00e1 a un ancho de ocho carriles.<\/p>\n<p>Esta vialidad contar\u00e1 con cruces semaforizados para salvaguardar al peat\u00f3n y mejorar el orden vehicular.<\/p>\n<p>Tambi\u00e9n se colocar\u00e1n luminarias tipo LED para el ahorro de energ\u00eda, se rescatar\u00e1 un \u00e1rea arbolada y se generar\u00e1 un parque con andador.<\/p>\n<p>Todo ello como parte de la determinaci\u00f3n del Gobernador David Monreal \u00c1vila de trabajar para recuperar el tejido social.<\/p>\n<p>Actualmente se trabaja en la formaci\u00f3n de terraplenes con material de banco, subrasantes (base asf\u00e1ltica) y obras de drenaje.<\/p>\n<p>De las cuales presentan un importante avance, puntualiz\u00f3.<\/p>\n<p>Con esto, Avanza Gobierno de Zacatecas en la ampliaci\u00f3n y modernizaci\u00f3n<\/p>\n","protected":false},"excerpt":{"rendered":"<p>Esta obra dar\u00e1 fluidez a m\u00e1s de 15 mil veh\u00edculos Vialidad: Los trabajos del proyecto carretero impulsan la actividad econ\u00f3mica creando 500 empleos directos y 700 indirectos Presenta un importante avance, en su primera etapa, en un trayecto de 7.7 kil\u00f3metros de construcci\u00f3n Zacatecas, Zac.- El Gobierno de Zacatecas avanza con los trabajos de la [&hellip;]<\/p>\n","protected":false},"author":1,"featured_media":8372,"comment_status":"open","ping_status":"closed","sticky":false,"template":"","format":"standard","meta":{"footnotes":""},"categories":[7,9],"tags":[],"class_list":["post-8370","post","type-post","status-publish","format-standard","has-post-thumbnail","hentry","category-nacional","category-politica"],"_links":{"self":[{"href":"https:\/\/podernacional.com\/index.php?rest_route=\/wp\/v2\/posts\/8370","targetHints":{"allow":["GET"]}}],"collection":[{"href":"https:\/\/podernacional.com\/index.php?rest_route=\/wp\/v2\/posts"}],"about":[{"href":"https:\/\/podernacional.com\/index.php?rest_route=\/wp\/v2\/types\/post"}],"author":[{"embeddable":true,"href":"https:\/\/podernacional.com\/index.php?rest_route=\/wp\/v2\/users\/1"}],"replies":[{"embeddable":true,"href":"https:\/\/podernacional.com\/index.php?rest_route=%2Fwp%2Fv2%2Fcomments&post=8370"}],"version-history":[{"count":1,"href":"https:\/\/podernacional.com\/index.php?rest_route=\/wp\/v2\/posts\/8370\/revisions"}],"predecessor-version":[{"id":8371,"href":"https:\/\/podernacional.com\/index.php?rest_route=\/wp\/v2\/posts\/8370\/revisions\/8371"}],"wp:featuredmedia":[{"embeddable":true,"href":"https:\/\/podernacional.com\/index.php?rest_route=\/wp\/v2\/media\/8372"}],"wp:attachment":[{"href":"https:\/\/podernacional.com\/index.php?rest_route=%2Fwp%2Fv2%2Fmedia&parent=8370"}],"wp:term":[{"taxonomy":"category","embeddable":true,"href":"https:\/\/podernacional.com\/index.php?rest_route=%2Fwp%2Fv2%2Fcategories&post=8370"},{"taxonomy":"post_tag","embeddable":true,"href":"https:\/\/podernacional.com\/index.php?rest_route=%2Fwp%2Fv2%2Ftags&post=8370"}],"curies":[{"name":"wp","href":"https:\/\/api.w.org\/{rel}","templated":true}]}}