{"id":8397,"date":"2022-08-17T21:39:35","date_gmt":"2022-08-18T02:39:35","guid":{"rendered":"https:\/\/podernacional.com\/?p=8397"},"modified":"2022-08-18T02:39:37","modified_gmt":"2022-08-18T02:39:37","slug":"qroo-conoce-los-eventos-culturales-que-se-realizaran-en-septiembre","status":"publish","type":"post","link":"https:\/\/podernacional.com\/?p=8397","title":{"rendered":"QRoo: Conoce los eventos culturales que se realizar\u00e1n en septiembre"},"content":{"rendered":"<h4>Margarita &#8216;La Diosa de la Cumbia&#8217; se presentar\u00e1 el viernes 9 de dicho mes<\/h4>\n<p>Eventos culturales : En conferencia de prensa, el coordinador general de Comunicaci\u00f3n, Fernando Mora Guill\u00e9n.<\/p>\n<p>El cual\u00a0dio a conocer el programa de eventos culturales que se realizar\u00e1n en Chetumal como parte de los festejos del mes de septiembre.<\/p>\n<p>Previamente, precis\u00f3 que el viernes 9 de septiembre, a las 12:30 horas.<\/p>\n<p>Ademas que el gobernador Carlos Joaqu\u00edn presentar\u00e1 el Sexto Informe de Gobierno durante una sesi\u00f3n solemne en el Congreso del Estado.<\/p>\n<p>El programa de actividades culturales inicia el mismo viernes 9, a las 19 hora.<\/p>\n<p>Con una verbena popular en la Explanada de la Bandera con motivo de la inauguraci\u00f3n del bulevar Bah\u00eda.<\/p>\n<p>Se contempla un bazar de emprendedores locales y un pabell\u00f3n gastron\u00f3mico.<\/p>\n<p>A las 22 horas se tiene programada la participaci\u00f3n de Margarita La Diosa de la Cumbia.<\/p>\n<h4>El s\u00e1bado 10, a las ocho de la ma\u00f1ana, habr\u00e1 una carrera atl\u00e9tica con motivo de la inauguraci\u00f3n del bulevar.<\/h4>\n<p>Con esto, la apertura de la megaescultura.<\/p>\n<p>A las 17 horas se tendr\u00e1 una rodada ciclista, un bazar para emprendedores y una muestra artesanal en el muelle de la megaescultura.<\/p>\n<p>A las 20 horas se tendr\u00e1 un evento con motivo de la apertura de la megaescultura e inauguraci\u00f3n de la Experiencia Mega Inmersiva.<\/p>\n<p>Misma que estar\u00e1 abierta al p\u00fablico a partir del 12 de septiembre.<\/p>\n<p>Todo el espacio de la megaescultura estar\u00e1 abierto al p\u00fablico en general.<\/p>\n<p>En el caso de la Experiencia habr\u00e1 un costo adicional para turistas y poblaci\u00f3n en general.<\/p>\n<p>Se est\u00e1 trabajando en un esquema para que los chetumale\u00f1os puedan disfrutarla de forma gratuita.<\/p>\n<p>El domingo 11, en el mismo lugar, a partir de las 17 horas funcionar\u00e1 el bazar de emprendedores.<\/p>\n<p>Ademas que\u00a0la muestra artesanal junto con el evento cultural Bailando por tu Identidad: Chetumal Baila.<\/p>\n<p>El 15 de septiembre, el gobernador Carlos Joaqu\u00edn dar\u00e1 el tradicional Grito de Independencia, desde el balc\u00f3n central de Palacio de Gobierno.<\/p>\n<p>El cual est\u00e1\u00a0enmarcado con un festival de cultura en el que participar\u00e1n artistas locales como Mario Valencia y el grupo musical Calibre 50.<\/p>\n<p>El 16 de septiembre se llevar\u00e1 a cabo el desfile c\u00edvico militar conmemorativo del inicio de la Independencia.<\/p>\n<p>Partir\u00e1 del Museo de la Cultura Maya hacia el Palacio de Gobierno, con una duraci\u00f3n aproximada de hora y media.<\/p>\n<p>El primer contingente pasar\u00e1 por Palacio de Gobierno alrededor de las 9 horas.<\/p>\n","protected":false},"excerpt":{"rendered":"<p>Margarita &#8216;La Diosa de la Cumbia&#8217; se presentar\u00e1 el viernes 9 de dicho mes Eventos culturales : En conferencia de prensa, el coordinador general de Comunicaci\u00f3n, Fernando Mora Guill\u00e9n. El cual\u00a0dio a conocer el programa de eventos culturales que se realizar\u00e1n en Chetumal como parte de los festejos del mes de septiembre. Previamente, precis\u00f3 que [&hellip;]<\/p>\n","protected":false},"author":1,"featured_media":8399,"comment_status":"open","ping_status":"closed","sticky":false,"template":"","format":"standard","meta":{"footnotes":""},"categories":[6,10],"tags":[],"class_list":["post-8397","post","type-post","status-publish","format-standard","has-post-thumbnail","hentry","category-local","category-quintana-roo"],"_links":{"self":[{"href":"https:\/\/podernacional.com\/index.php?rest_route=\/wp\/v2\/posts\/8397","targetHints":{"allow":["GET"]}}],"collection":[{"href":"https:\/\/podernacional.com\/index.php?rest_route=\/wp\/v2\/posts"}],"about":[{"href":"https:\/\/podernacional.com\/index.php?rest_route=\/wp\/v2\/types\/post"}],"author":[{"embeddable":true,"href":"https:\/\/podernacional.com\/index.php?rest_route=\/wp\/v2\/users\/1"}],"replies":[{"embeddable":true,"href":"https:\/\/podernacional.com\/index.php?rest_route=%2Fwp%2Fv2%2Fcomments&post=8397"}],"version-history":[{"count":1,"href":"https:\/\/podernacional.com\/index.php?rest_route=\/wp\/v2\/posts\/8397\/revisions"}],"predecessor-version":[{"id":8398,"href":"https:\/\/podernacional.com\/index.php?rest_route=\/wp\/v2\/posts\/8397\/revisions\/8398"}],"wp:featuredmedia":[{"embeddable":true,"href":"https:\/\/podernacional.com\/index.php?rest_route=\/wp\/v2\/media\/8399"}],"wp:attachment":[{"href":"https:\/\/podernacional.com\/index.php?rest_route=%2Fwp%2Fv2%2Fmedia&parent=8397"}],"wp:term":[{"taxonomy":"category","embeddable":true,"href":"https:\/\/podernacional.com\/index.php?rest_route=%2Fwp%2Fv2%2Fcategories&post=8397"},{"taxonomy":"post_tag","embeddable":true,"href":"https:\/\/podernacional.com\/index.php?rest_route=%2Fwp%2Fv2%2Ftags&post=8397"}],"curies":[{"name":"wp","href":"https:\/\/api.w.org\/{rel}","templated":true}]}}