{"id":841,"date":"2020-08-05T02:25:53","date_gmt":"2020-08-05T02:25:53","guid":{"rendered":"http:\/\/whatsappcancun.com\/?p=841"},"modified":"2020-08-05T02:25:53","modified_gmt":"2020-08-05T02:25:53","slug":"reportan-primera-muerte-por-covidengue-en-jalisco","status":"publish","type":"post","link":"https:\/\/podernacional.com\/?p=841","title":{"rendered":"Reportan primera muerte por &#8216;covidengue&#8217; en Jalisco"},"content":{"rendered":"\n<p>La Secretar\u00eda de Salud se\u00f1al\u00f3 que en la entidad se han reportado otros cuatro casos. Uno de ellos ya fue dado de alta y los otros tres son atendidos de manera ambulatoria.<\/p>\n\n\n\n<p>La Secretar\u00eda de Salud de Jalisco confirm\u00f3 este jueves la primera muerte de un paciente que se contagi\u00f3 al mismo tiempo&nbsp;<strong>de COVID-19 y dengue.&nbsp;<\/strong>Esta situaci\u00f3n tambi\u00e9n es reportada en otras cuatro personas.<\/p>\n\n\n\n<p>Los afectados son varones de entre 7 y 52 a\u00f1os de edad, residentes de los municipios de&nbsp;<strong>Jocotepec, Poncitl\u00e1n, El Salto, Tlaquepaque y Guadalajara<\/strong>.<\/p>\n\n\n\n<p>El fallecido fue el segundo paciente detectado con COVID-19 y dengue. El sujeto, quien ten\u00eda 44 a\u00f1os, era vecino de El Salto y padec\u00eda diabetes.<\/p>\n\n\n\n<p>El primer caso se present\u00f3 desde junio pasado en un ni\u00f1o de 7 a\u00f1os, residente del municipio de Jocotepec, quien fue hospitalizado, pero ya fue dado de alta.<\/p>\n\n\n\n<p>Los otros tres pacientes corresponden a un joven de 29 a\u00f1os, residente del municipio de Poncitl\u00e1n; otro de Tlaquepaque, de 52 a\u00f1os; y otro de Guadalajara, de 38 a\u00f1os.<\/p>\n\n\n\n<p>Los pacientes tienen diagn\u00f3stico &#8216;no grave&#8217; y&nbsp;<strong>no han requerido hospitalizaci\u00f3n<\/strong>, pero reciben atenci\u00f3n de manera ambulatoria en sus domicilios. Estos casos, junto con el de la persona fallecida, fueron detectados este mes y no tienen ninguna relaci\u00f3n entre s\u00ed.<\/p>\n\n\n\n<p>La Secretar\u00eda de Salud realiz\u00f3 un estudio en el que encontr\u00f3 636 casos sospechosos de padecer COVID-19 y dengue de manera simult\u00e1nea, aunque solo cinco personas dieron positivo a ambos padecimientos.<\/p>\n\n\n\n<p><strong>Jalisco&nbsp;<\/strong>lidera la incidencia nacional por m\u00e1s casos de dengue,&nbsp;<strong>con mil 262.&nbsp;<\/strong>Oficialmente hay solo un deceso por la enfermedad, pero hay ocho decesos marcados como sospechosos.<\/p>\n\n\n\n<p>En lo que respecta al nuevo coronavirus, en las ultimas horas&nbsp;<strong>se reportaron 664 contagios nuevos en Jalisco<\/strong>, con lo cual se acumulan 28 mil 355 casos confirmados. Se notific\u00f3 tambi\u00e9n de 13 fallecimientos m\u00e1s, con lo que el total subi\u00f3 a mil 478.<\/p>\n","protected":false},"excerpt":{"rendered":"<p>La Secretar\u00eda de Salud se\u00f1al\u00f3 que en la entidad se han reportado otros cuatro casos. Uno de ellos ya fue dado de alta y los otros tres son atendidos de manera ambulatoria. La Secretar\u00eda de Salud de Jalisco confirm\u00f3 este jueves la primera muerte de un paciente que se contagi\u00f3 al mismo tiempo&nbsp;de COVID-19 y [&hellip;]<\/p>\n","protected":false},"author":1,"featured_media":842,"comment_status":"open","ping_status":"open","sticky":false,"template":"","format":"standard","meta":{"footnotes":""},"categories":[12],"tags":[],"class_list":["post-841","post","type-post","status-publish","format-standard","has-post-thumbnail","hentry","category-sin-categoria"],"_links":{"self":[{"href":"https:\/\/podernacional.com\/index.php?rest_route=\/wp\/v2\/posts\/841","targetHints":{"allow":["GET"]}}],"collection":[{"href":"https:\/\/podernacional.com\/index.php?rest_route=\/wp\/v2\/posts"}],"about":[{"href":"https:\/\/podernacional.com\/index.php?rest_route=\/wp\/v2\/types\/post"}],"author":[{"embeddable":true,"href":"https:\/\/podernacional.com\/index.php?rest_route=\/wp\/v2\/users\/1"}],"replies":[{"embeddable":true,"href":"https:\/\/podernacional.com\/index.php?rest_route=%2Fwp%2Fv2%2Fcomments&post=841"}],"version-history":[{"count":0,"href":"https:\/\/podernacional.com\/index.php?rest_route=\/wp\/v2\/posts\/841\/revisions"}],"wp:featuredmedia":[{"embeddable":true,"href":"https:\/\/podernacional.com\/index.php?rest_route=\/wp\/v2\/media\/842"}],"wp:attachment":[{"href":"https:\/\/podernacional.com\/index.php?rest_route=%2Fwp%2Fv2%2Fmedia&parent=841"}],"wp:term":[{"taxonomy":"category","embeddable":true,"href":"https:\/\/podernacional.com\/index.php?rest_route=%2Fwp%2Fv2%2Fcategories&post=841"},{"taxonomy":"post_tag","embeddable":true,"href":"https:\/\/podernacional.com\/index.php?rest_route=%2Fwp%2Fv2%2Ftags&post=841"}],"curies":[{"name":"wp","href":"https:\/\/api.w.org\/{rel}","templated":true}]}}