{"id":8418,"date":"2022-08-18T21:22:48","date_gmt":"2022-08-19T02:22:48","guid":{"rendered":"https:\/\/podernacional.com\/?p=8418"},"modified":"2022-08-19T02:22:49","modified_gmt":"2022-08-19T02:22:49","slug":"caritas-internacional-denuncia-tragico-empeoramiento-de-situacion-humanitaria-mundial","status":"publish","type":"post","link":"https:\/\/podernacional.com\/?p=8418","title":{"rendered":"C\u00e1ritas Internacional denuncia tr\u00e1gico empeoramiento de situaci\u00f3n humanitaria mundial"},"content":{"rendered":"<h4>En el D\u00eda Mundial de la Asistencia Humanitaria, la instituci\u00f3n reconoce a quienes trabajan por proteger.<\/h4>\n<p>C\u00e1ritas Internacional: Ademas de promover la dignidad humana, servir a los m\u00e1s vulnerables y alerta sobre m\u00faltiples desaf\u00edos de la coyuntura global.<\/p>\n<p>\u201cEl personal de C\u00e1ritas est\u00e1 siempre ah\u00ed, en cualquier parte del mundo, en todo momento: antes, durante y despu\u00e9s de las crisis\u201d.<\/p>\n<p>As\u00ed lo enfatiza Aloysius John, secretario general de C\u00e1ritas Internacional.<\/p>\n<p>Ademas que en un comunicado de la organizaci\u00f3n con motivo del D\u00eda Mundial de la Asistencia Humanitaria este viernes 19 de agosto.<\/p>\n<p>Los trabajadores de C\u00e1ritas est\u00e1n junto a las comunidades y forman parte de ellas, proporcionando no solo ayuda humanitaria.<\/p>\n<p>Sino tambi\u00e9n trabajando por el desarrollo sostenible, la construcci\u00f3n de la paz y la cohesi\u00f3n social.<\/p>\n<p>\u201cOfrecen sus servicios, e incluso sus vidas, por la causa de la persona humana\u201d, a\u00f1ade.<\/p>\n<p>En este d\u00eda, la entidad solidaria de la Iglesia cat\u00f3lica tambi\u00e9n advierte sobre el empeoramiento de la situaci\u00f3n humanitaria a nivel mundial.<\/p>\n<p>Al igual\u00a0que est\u00e1 provocando el sufrimiento de millones de personas.<\/p>\n<p>Entre los acontecimientos acuciantes, subraya que la guerra en Ucrania, la pandemia del covid-19.<\/p>\n<p>Ademas de que\u00a0las consecuencias del cambio clim\u00e1tico han tenido un impacto global.<\/p>\n<p>Lo que\u00a0han provocado una serie de grandes crisis humanitarias originadas por varios factores interconectados.<\/p>\n<h4>Muchos pa\u00edses al borde de una crisis alimentaria<\/h4>\n<p>El mensaje de C\u00e1ritas tambi\u00e9n llama la atenci\u00f3n sobre la crisis alimentaria en la que varios pa\u00edses est\u00e1n por sumirse.<\/p>\n<p>\u201cAgravada por las malas condiciones econ\u00f3micas, lo que hace que los m\u00e1s pobres y vulnerables dependan de la ayuda humanitaria\u201d.<\/p>\n<p>Para ilustrar la cuesti\u00f3n, cita la crisis ucraniana, que puso de manifiesto<\/p>\n<p>\u201cQue los alimentos se han convertido en un arma pol\u00edtica, ya que el acceso a una nutrici\u00f3n adecuada est\u00e1 en juego para millones de personas\u201d.<\/p>\n<p>\u201cLos m\u00e1s afectados son los m\u00e1s pobres, que se ven privados del acceso a las necesidades m\u00e1s b\u00e1sicas\u201d.<\/p>\n<p>\u201cLo que conlleva graves riesgos para la salud\u201d, subraya John.<\/p>\n<p>El representante institucional acota que los fen\u00f3menos relacionados con el clima, la violencia y los conflictos.<\/p>\n<p>Ademas de que\u00a0han creado nuevas formas de vulnerabilidad, y millones de personas est\u00e1n abandonando sus hogares para salvar sus vidas.<\/p>\n<p>\u201cAdem\u00e1s de las crisis recientes, hay otras que llevan a\u00f1os, o incluso d\u00e9cadas, como las de Siria, Venezuela, la Rep\u00fablica Centroafricana\u201d.<\/p>\n<p>\u201cAl igual que\u00a0la Rep\u00fablica Democr\u00e1tica del Congo\u201d, se remarca.<\/p>\n","protected":false},"excerpt":{"rendered":"<p>En el D\u00eda Mundial de la Asistencia Humanitaria, la instituci\u00f3n reconoce a quienes trabajan por proteger. C\u00e1ritas Internacional: Ademas de promover la dignidad humana, servir a los m\u00e1s vulnerables y alerta sobre m\u00faltiples desaf\u00edos de la coyuntura global. \u201cEl personal de C\u00e1ritas est\u00e1 siempre ah\u00ed, en cualquier parte del mundo, en todo momento: antes, durante [&hellip;]<\/p>\n","protected":false},"author":1,"featured_media":8420,"comment_status":"open","ping_status":"closed","sticky":false,"template":"","format":"standard","meta":{"footnotes":""},"categories":[5,9],"tags":[],"class_list":["post-8418","post","type-post","status-publish","format-standard","has-post-thumbnail","hentry","category-internacional","category-politica"],"_links":{"self":[{"href":"https:\/\/podernacional.com\/index.php?rest_route=\/wp\/v2\/posts\/8418","targetHints":{"allow":["GET"]}}],"collection":[{"href":"https:\/\/podernacional.com\/index.php?rest_route=\/wp\/v2\/posts"}],"about":[{"href":"https:\/\/podernacional.com\/index.php?rest_route=\/wp\/v2\/types\/post"}],"author":[{"embeddable":true,"href":"https:\/\/podernacional.com\/index.php?rest_route=\/wp\/v2\/users\/1"}],"replies":[{"embeddable":true,"href":"https:\/\/podernacional.com\/index.php?rest_route=%2Fwp%2Fv2%2Fcomments&post=8418"}],"version-history":[{"count":1,"href":"https:\/\/podernacional.com\/index.php?rest_route=\/wp\/v2\/posts\/8418\/revisions"}],"predecessor-version":[{"id":8419,"href":"https:\/\/podernacional.com\/index.php?rest_route=\/wp\/v2\/posts\/8418\/revisions\/8419"}],"wp:featuredmedia":[{"embeddable":true,"href":"https:\/\/podernacional.com\/index.php?rest_route=\/wp\/v2\/media\/8420"}],"wp:attachment":[{"href":"https:\/\/podernacional.com\/index.php?rest_route=%2Fwp%2Fv2%2Fmedia&parent=8418"}],"wp:term":[{"taxonomy":"category","embeddable":true,"href":"https:\/\/podernacional.com\/index.php?rest_route=%2Fwp%2Fv2%2Fcategories&post=8418"},{"taxonomy":"post_tag","embeddable":true,"href":"https:\/\/podernacional.com\/index.php?rest_route=%2Fwp%2Fv2%2Ftags&post=8418"}],"curies":[{"name":"wp","href":"https:\/\/api.w.org\/{rel}","templated":true}]}}