{"id":8436,"date":"2022-08-19T19:01:00","date_gmt":"2022-08-20T00:01:00","guid":{"rendered":"https:\/\/podernacional.com\/?p=8436"},"modified":"2022-08-20T00:01:02","modified_gmt":"2022-08-20T00:01:02","slug":"cuando-es-el-festival-del-globo-leon-2022","status":"publish","type":"post","link":"https:\/\/podernacional.com\/?p=8436","title":{"rendered":"\u00bfCu\u00e1ndo es el Festival del Globo Le\u00f3n 2022?"},"content":{"rendered":"<h4>El Festival Internacional del Globo (FIG) 2022 en Le\u00f3n ser\u00e1 del 18 al 21 de noviembre.<\/h4>\n<p><a href=\"https:\/\/vivefig.mx\/?lang=es&amp;dia=1\">Festival del Globo Le\u00f3n 2022<\/a>: En esas fechas un total de 200 globos aerost\u00e1ticos provenientes de 20 pa\u00edses surcar\u00e1n el cielo de Le\u00f3n.<\/p>\n<p>Ademas de que en la fiesta aerost\u00e1tica m\u00e1s importante y m\u00e1s reconocida del mundo.<\/p>\n<p>\u201cEl Festival Internacional del Globo en Le\u00f3n no se detiene y en cada edici\u00f3n se caracteriza por sorprender y #FIG2022 no ser\u00e1 la excepci\u00f3n.<\/p>\n<p>Ser\u00e1 un lugar para unir a miles de personas que se dan cita para deleitar tan majestuoso evento\u201d, expresa la organizaci\u00f3n del FIG.<\/p>\n<p>Este ser\u00e1 el programa del FIG 2022:<\/p>\n<p>Inflado y despegue de globos a las 6:30 hrs. Esta actividad se realizar\u00e1 cada d\u00eda en el mismo horario.<\/p>\n<p>Noche M\u00e1gica a las 19:00 hrs cada d\u00eda del FIG.<\/p>\n<p>Conciertos estelares a las 20:00 hrs tambi\u00e9n durante la duraci\u00f3n del festival.<\/p>\n<p>La cartelera de artistas y m\u00e1s detalles adicionales ser\u00e1n dados a conocer en los pr\u00f3ximos meses.<\/p>\n<p>Por lo que se invita a la poblaci\u00f3n a seguir las redes sociales del Festival del Globo Le\u00f3n, para no perder ning\u00fan detalle.<\/p>\n<h4>Vuelve Lovely Dog al cielo de Le\u00f3n<\/h4>\n<p>En esta edici\u00f3n 21 del Festival del Globo Le\u00f3n se suman algunas figuras especiales, entre las que destaca una en particular:<\/p>\n<p>Lovely Dog. Un particular aerost\u00e1tico de una obra de arte original de la autor\u00eda de Romero Britto, pilotado por el brasile\u00f1o T\u00e1ssio Moreira.<\/p>\n<p>En 2019, T\u00e1ssio Moreira se reuni\u00f3 con Britto para dise\u00f1ar esta Figura Especial que mide 30 metros, su envolvente pesa m\u00e1s de 200 kg.<\/p>\n<p>Ademas de que alcanza una velocidad de 35km\/h. El pasado 7 de agosto de este a\u00f1o que realiz\u00f3 su vuelo inaugural.<\/p>\n<p>&nbsp;<\/p>\n<p>&nbsp;<\/p>\n","protected":false},"excerpt":{"rendered":"<p>El Festival Internacional del Globo (FIG) 2022 en Le\u00f3n ser\u00e1 del 18 al 21 de noviembre. Festival del Globo Le\u00f3n 2022: En esas fechas un total de 200 globos aerost\u00e1ticos provenientes de 20 pa\u00edses surcar\u00e1n el cielo de Le\u00f3n. Ademas de que en la fiesta aerost\u00e1tica m\u00e1s importante y m\u00e1s reconocida del mundo. \u201cEl Festival [&hellip;]<\/p>\n","protected":false},"author":1,"featured_media":8438,"comment_status":"open","ping_status":"closed","sticky":false,"template":"","format":"standard","meta":{"footnotes":""},"categories":[2,7],"tags":[],"class_list":["post-8436","post","type-post","status-publish","format-standard","has-post-thumbnail","hentry","category-cultural","category-nacional"],"_links":{"self":[{"href":"https:\/\/podernacional.com\/index.php?rest_route=\/wp\/v2\/posts\/8436","targetHints":{"allow":["GET"]}}],"collection":[{"href":"https:\/\/podernacional.com\/index.php?rest_route=\/wp\/v2\/posts"}],"about":[{"href":"https:\/\/podernacional.com\/index.php?rest_route=\/wp\/v2\/types\/post"}],"author":[{"embeddable":true,"href":"https:\/\/podernacional.com\/index.php?rest_route=\/wp\/v2\/users\/1"}],"replies":[{"embeddable":true,"href":"https:\/\/podernacional.com\/index.php?rest_route=%2Fwp%2Fv2%2Fcomments&post=8436"}],"version-history":[{"count":1,"href":"https:\/\/podernacional.com\/index.php?rest_route=\/wp\/v2\/posts\/8436\/revisions"}],"predecessor-version":[{"id":8437,"href":"https:\/\/podernacional.com\/index.php?rest_route=\/wp\/v2\/posts\/8436\/revisions\/8437"}],"wp:featuredmedia":[{"embeddable":true,"href":"https:\/\/podernacional.com\/index.php?rest_route=\/wp\/v2\/media\/8438"}],"wp:attachment":[{"href":"https:\/\/podernacional.com\/index.php?rest_route=%2Fwp%2Fv2%2Fmedia&parent=8436"}],"wp:term":[{"taxonomy":"category","embeddable":true,"href":"https:\/\/podernacional.com\/index.php?rest_route=%2Fwp%2Fv2%2Fcategories&post=8436"},{"taxonomy":"post_tag","embeddable":true,"href":"https:\/\/podernacional.com\/index.php?rest_route=%2Fwp%2Fv2%2Ftags&post=8436"}],"curies":[{"name":"wp","href":"https:\/\/api.w.org\/{rel}","templated":true}]}}