{"id":8442,"date":"2022-08-19T19:21:58","date_gmt":"2022-08-20T00:21:58","guid":{"rendered":"https:\/\/podernacional.com\/?p=8442"},"modified":"2022-08-20T00:22:00","modified_gmt":"2022-08-20T00:22:00","slug":"dia-de-las-infancias-las-plazas-de-la-ciudad-ofreceran-espectaculos-gratuitos-para-celebrar-con-alegria","status":"publish","type":"post","link":"https:\/\/podernacional.com\/?p=8442","title":{"rendered":"D\u00eda de las Infancias: las plazas de la Ciudad ofrecer\u00e1n espect\u00e1culos gratuitos para celebrar con alegr\u00eda"},"content":{"rendered":"<h4>Este domingo la Ciudad brindar\u00e1 en cada una de las comunas una amplia variedad de actividades recreativas.<\/h4>\n<p>D\u00eda de las Infancias: Ademas de espect\u00e1culos para chicos de todas las edades.<\/p>\n<p>Habr\u00e1 t\u00edteres, circo, shows musicales, narrativas teatralizadas y m\u00e1s.<\/p>\n<p>D\u00eda de las Infancias en la Ciudad: cada comuna tendr\u00e1 su propuesta<\/p>\n<p>Las plazas de las quince comunas porte\u00f1as brindar\u00e1n espect\u00e1culos gratuitos para festejar el D\u00eda de las Infancias.<\/p>\n<p>Ademas del gran d\u00eda dedicado a los m\u00e1s chicos, con un programa que invita a disfrutar al aire libre del juego, el teatro, la m\u00fasica.<\/p>\n<p>As\u00ed como\u00a0la magia, la literatura y la reflexi\u00f3n a trav\u00e9s de diversas propuestas l\u00fadicas y recreativas.<\/p>\n<p>\u201cTodos los ni\u00f1os y ni\u00f1as de la Ciudad podr\u00e1n pasar una ma\u00f1ana y una tarde diferente cerca de su hogar, en la plaza del barrio\u201d.<\/p>\n<h4>\u201cEl cual menciona\u00a0que ser\u00e1 el escenario para celebrar la ni\u00f1ez en lugares de encuentro y diversi\u00f3n\u201d.<\/h4>\n<p>Por ende, se\u00f1al\u00f3 Julia Domeniconi, secretaria de Atenci\u00f3n Ciudadana y Gesti\u00f3n Comunal de la Ciudad, el \u00e1rea que desarrolla el plan de mejora integral.<\/p>\n<p>Estos escenarios urbanos se convertir\u00e1n en los puntos de encuentro donde ni\u00f1as, ni\u00f1os y sus familias podr\u00e1n disfrutar del arte.<\/p>\n<p>As\u00ed como de\u00a0la naturaleza durante todo el domingo con 15 shows de libre acceso.<\/p>\n<p>El cual es uno por comuna, a las 11 o a las 16 horas, seg\u00fan el cronograma de cada barrio.<\/p>\n<p>Podr\u00e1n disfrutar al aire libre del juego, el teatro, la m\u00fasica, la magia, la literatura y la reflexi\u00f3n a trav\u00e9s de diversas propuestas l\u00fadicas y recreativas<\/p>\n<p>Entre los espect\u00e1culos, destaca Ruidositos, canciones para viajar, unipersonal de m\u00fasica dirigido a la primera infancia, propuesta did\u00e1ctica.<\/p>\n<p>As\u00ed como de ser\u00a0divertida a base de canciones y shows participativos que se presentar\u00e1 en las plazas Boulevard Rabanal.<\/p>\n<p>Igualmente en el\u00a0Parque Avellaneda, en las comunas 8 y 9, respectivamente.<\/p>\n","protected":false},"excerpt":{"rendered":"<p>Este domingo la Ciudad brindar\u00e1 en cada una de las comunas una amplia variedad de actividades recreativas. D\u00eda de las Infancias: Ademas de espect\u00e1culos para chicos de todas las edades. Habr\u00e1 t\u00edteres, circo, shows musicales, narrativas teatralizadas y m\u00e1s. D\u00eda de las Infancias en la Ciudad: cada comuna tendr\u00e1 su propuesta Las plazas de las [&hellip;]<\/p>\n","protected":false},"author":1,"featured_media":8444,"comment_status":"open","ping_status":"closed","sticky":false,"template":"","format":"standard","meta":{"footnotes":""},"categories":[4,7],"tags":[],"class_list":["post-8442","post","type-post","status-publish","format-standard","has-post-thumbnail","hentry","category-espectaculos","category-nacional"],"_links":{"self":[{"href":"https:\/\/podernacional.com\/index.php?rest_route=\/wp\/v2\/posts\/8442","targetHints":{"allow":["GET"]}}],"collection":[{"href":"https:\/\/podernacional.com\/index.php?rest_route=\/wp\/v2\/posts"}],"about":[{"href":"https:\/\/podernacional.com\/index.php?rest_route=\/wp\/v2\/types\/post"}],"author":[{"embeddable":true,"href":"https:\/\/podernacional.com\/index.php?rest_route=\/wp\/v2\/users\/1"}],"replies":[{"embeddable":true,"href":"https:\/\/podernacional.com\/index.php?rest_route=%2Fwp%2Fv2%2Fcomments&post=8442"}],"version-history":[{"count":1,"href":"https:\/\/podernacional.com\/index.php?rest_route=\/wp\/v2\/posts\/8442\/revisions"}],"predecessor-version":[{"id":8443,"href":"https:\/\/podernacional.com\/index.php?rest_route=\/wp\/v2\/posts\/8442\/revisions\/8443"}],"wp:featuredmedia":[{"embeddable":true,"href":"https:\/\/podernacional.com\/index.php?rest_route=\/wp\/v2\/media\/8444"}],"wp:attachment":[{"href":"https:\/\/podernacional.com\/index.php?rest_route=%2Fwp%2Fv2%2Fmedia&parent=8442"}],"wp:term":[{"taxonomy":"category","embeddable":true,"href":"https:\/\/podernacional.com\/index.php?rest_route=%2Fwp%2Fv2%2Fcategories&post=8442"},{"taxonomy":"post_tag","embeddable":true,"href":"https:\/\/podernacional.com\/index.php?rest_route=%2Fwp%2Fv2%2Ftags&post=8442"}],"curies":[{"name":"wp","href":"https:\/\/api.w.org\/{rel}","templated":true}]}}