{"id":8467,"date":"2022-08-19T20:10:04","date_gmt":"2022-08-20T01:10:04","guid":{"rendered":"https:\/\/podernacional.com\/?p=8467"},"modified":"2022-08-20T01:10:05","modified_gmt":"2022-08-20T01:10:05","slug":"culiacan-sera-sede-del-7-seminario-internacional-de-relaciones-publicas","status":"publish","type":"post","link":"https:\/\/podernacional.com\/?p=8467","title":{"rendered":"Culiac\u00e1n ser\u00e1 sede del 7\u00b0 seminario internacional de Relaciones P\u00fablicas"},"content":{"rendered":"<h4>El 23 de septiembre se realizar\u00e1 el evento de car\u00e1cter internacional, que potencializar\u00e1 el turismo, comercio, servicios y relaciones p\u00fablicas en la ciudad.<\/h4>\n<p>Culiac\u00e1n: Ser\u00e1 sede de la 7 edici\u00f3n del seminario internacional de Relaciones P\u00fablicasa realizarse en el Auditorio MIA.<\/p>\n<p>Del 23 de septiembre de 2022, en formato hibrido, presencial y online inform\u00f3 Mar\u00eda Luisa Mercado Ponce, coordinadora del evento.<\/p>\n<p>Se tiene confirmado dijo, la presencia de colegas, comunicadores y estudiantes de al menos 21 pa\u00edses.<\/p>\n<p>El seminario est\u00e1 avalado por la Red Latinoamericana de Organizadores de Eventos.<\/p>\n<p>As\u00ed como por la Academia de Relaciones Publicas y Protocolo de M\u00e9xico.<\/p>\n<p>\u201cEste es un trabajo en el que hemos estado invirtiendo tiempo, dinero, esfuerzo y much\u00edsimo coraz\u00f3n, en el que hemos trabajado 10 a\u00f1os\u201d.<\/p>\n<p>\u201cLas primeras 4 ediciones lo logramos hacer en el puerto de Mazatl\u00e1n, dos en los que nos atrap\u00f3 la pandemia lo hicimos de manera digital\u201d.<\/p>\n<h4>Ademas, con muy buena presencia; y hoy, antes de salir del estado queremos hacerlo en esta ciudad\u201d, refiri\u00f3.<\/h4>\n<p>Mar\u00eda Luisa Mercado, quien tambi\u00e9n funge como directora de IGA Comunicaci\u00f3n Total Consultores detall\u00f3.<\/p>\n<p>Cada seminario tiene un tema espec\u00edfico que se enfatiza y esta edici\u00f3n se tom\u00f3 la decisi\u00f3n de destacar el tema de\u00a0\u201cEl poder del cambio\u201d.<\/p>\n<p>Lo cual busca, para exponer de manera general todo lo que se ha cambiado con la pandemia.<\/p>\n<p>Advirti\u00f3 que el reto este a\u00f1o es que regresan al formato presencial.<\/p>\n<p>Esto, luego de dos a\u00f1os en los que solo fue evento virtual, se espera la afluencia de 600 personas, entre profesionistas.<\/p>\n<p>Al igual que para\u00a0estudiantes del ramo de los eventos, no solo institucionales, corporativos, sino de las relaciones p\u00fablicas sociales tambi\u00e9n.<\/p>\n<p>Mercado Ponce se\u00f1al\u00f3 que con este evento tambi\u00e9n se busca potencializar.<\/p>\n<p>Adem\u00e1s de las relaciones p\u00fablicas, el turismo, comercio y servicios en la ciudad.<\/p>\n<p>Que por parte de la organizaci\u00f3n se programar\u00e1n tours por Culiac\u00e1n.<\/p>\n<p>Para que las visitantes internaciones disfruten de la gastronom\u00eda y los atractivos de la ciudad.<\/p>\n","protected":false},"excerpt":{"rendered":"<p>El 23 de septiembre se realizar\u00e1 el evento de car\u00e1cter internacional, que potencializar\u00e1 el turismo, comercio, servicios y relaciones p\u00fablicas en la ciudad. Culiac\u00e1n: Ser\u00e1 sede de la 7 edici\u00f3n del seminario internacional de Relaciones P\u00fablicasa realizarse en el Auditorio MIA. Del 23 de septiembre de 2022, en formato hibrido, presencial y online inform\u00f3 Mar\u00eda [&hellip;]<\/p>\n","protected":false},"author":1,"featured_media":8469,"comment_status":"open","ping_status":"closed","sticky":false,"template":"","format":"standard","meta":{"footnotes":""},"categories":[2,5,7],"tags":[],"class_list":["post-8467","post","type-post","status-publish","format-standard","has-post-thumbnail","hentry","category-cultural","category-internacional","category-nacional"],"_links":{"self":[{"href":"https:\/\/podernacional.com\/index.php?rest_route=\/wp\/v2\/posts\/8467","targetHints":{"allow":["GET"]}}],"collection":[{"href":"https:\/\/podernacional.com\/index.php?rest_route=\/wp\/v2\/posts"}],"about":[{"href":"https:\/\/podernacional.com\/index.php?rest_route=\/wp\/v2\/types\/post"}],"author":[{"embeddable":true,"href":"https:\/\/podernacional.com\/index.php?rest_route=\/wp\/v2\/users\/1"}],"replies":[{"embeddable":true,"href":"https:\/\/podernacional.com\/index.php?rest_route=%2Fwp%2Fv2%2Fcomments&post=8467"}],"version-history":[{"count":1,"href":"https:\/\/podernacional.com\/index.php?rest_route=\/wp\/v2\/posts\/8467\/revisions"}],"predecessor-version":[{"id":8468,"href":"https:\/\/podernacional.com\/index.php?rest_route=\/wp\/v2\/posts\/8467\/revisions\/8468"}],"wp:featuredmedia":[{"embeddable":true,"href":"https:\/\/podernacional.com\/index.php?rest_route=\/wp\/v2\/media\/8469"}],"wp:attachment":[{"href":"https:\/\/podernacional.com\/index.php?rest_route=%2Fwp%2Fv2%2Fmedia&parent=8467"}],"wp:term":[{"taxonomy":"category","embeddable":true,"href":"https:\/\/podernacional.com\/index.php?rest_route=%2Fwp%2Fv2%2Fcategories&post=8467"},{"taxonomy":"post_tag","embeddable":true,"href":"https:\/\/podernacional.com\/index.php?rest_route=%2Fwp%2Fv2%2Ftags&post=8467"}],"curies":[{"name":"wp","href":"https:\/\/api.w.org\/{rel}","templated":true}]}}