{"id":8473,"date":"2022-08-19T20:19:08","date_gmt":"2022-08-20T01:19:08","guid":{"rendered":"https:\/\/podernacional.com\/?p=8473"},"modified":"2022-08-20T01:19:10","modified_gmt":"2022-08-20T01:19:10","slug":"aprueba-consejo-estatal-de-salud-aforos-del-100-en-actividades-economicas-y-educativas","status":"publish","type":"post","link":"https:\/\/podernacional.com\/?p=8473","title":{"rendered":"Aprueba Consejo Estatal de Salud aforos del 100% en actividades econ\u00f3micas y educativas"},"content":{"rendered":"<h4>La disposici\u00f3n entra en vigor el pr\u00f3ximo lunes 22 de agosto; permanece como obligatorio el uso de cubrebocas en espacios abiertos y cerrados<\/h4>\n<p>Consejo Estatal de Salud: Aprob\u00f3 por unanimidad retomar los aforos al 100 por ciento para las actividades econ\u00f3micas y educativas en la entidad.<\/p>\n<p>Ademas de\u00a0disposici\u00f3n que entra en vigor a partir del pr\u00f3ximo lunes 22 de agosto.<\/p>\n<p>Adem\u00e1s acord\u00f3 mantener la aplicaci\u00f3n de medidas preventivas para prevenir la propagaci\u00f3n de contagios.<\/p>\n<p>As\u00ed como el uso obligatorio de cubrebocas en espacios cerrados y abiertos, el lavado frecuente de manos y mantener la sana distancia entre las personas.<\/p>\n<p>El secretario de Salud, Felipe Sandoval Magallanes, enfatiz\u00f3 que el reciente comportamiento en los casos registrados.<\/p>\n<p>As\u00ed como en los\u00a0hospitalizaciones y defunciones, incide en el planteamiento por el cual se vot\u00f3 por los miembros del Consejo.<\/p>\n<p>Por su parte la subsecretaria de Prevenci\u00f3n y Promoci\u00f3n de la Salud, Mirna Beltr\u00e1n Arzaga.<\/p>\n<h4>Ademas que indic\u00f3 que la aplicaci\u00f3n de las medidas preventivas.<\/h4>\n<p>Por ende,\u00a0las acciones realizadas contribuyeron al descenso de casos de SARS CoV-2 en las \u00faltimas 3 semanas.<\/p>\n<p>Con una disminuci\u00f3n del 23 por ciento en la semana epidemiol\u00f3gica 31.<\/p>\n<p>Actualmente en los hospitales hay 22 pacientes internados y en los \u00faltimos 14 d\u00edas se registran 3 mil 050 casos activos.<\/p>\n<p>Adem\u00e1s al comparar el n\u00famero de defunciones, en esta quinta ola se ha presentado un 83 por ciento de disminuci\u00f3n en relaci\u00f3n con la anterior.<\/p>\n<p>Beltr\u00e1n Arzaga plante\u00f3 tambi\u00e9n a los integrantes del organismo la estrategia estatal para hacer frente a la enfermedad de la viruela s\u00edmica.<\/p>\n<p>Que se atiende bajo las perspectivas de vigilancia epidemiol\u00f3gica, diagn\u00f3stico de casos.<\/p>\n<p>Al igual que de atenci\u00f3n m\u00e9dica y la comunicaci\u00f3n de riesgos dirigida a la poblaci\u00f3n.<\/p>\n<p>En conclusi\u00f3n, Aprueba Consejo Estatal de Salud aforos del 100% en actividades optimas<\/p>\n","protected":false},"excerpt":{"rendered":"<p>La disposici\u00f3n entra en vigor el pr\u00f3ximo lunes 22 de agosto; permanece como obligatorio el uso de cubrebocas en espacios abiertos y cerrados Consejo Estatal de Salud: Aprob\u00f3 por unanimidad retomar los aforos al 100 por ciento para las actividades econ\u00f3micas y educativas en la entidad. Ademas de\u00a0disposici\u00f3n que entra en vigor a partir del [&hellip;]<\/p>\n","protected":false},"author":1,"featured_media":0,"comment_status":"open","ping_status":"closed","sticky":false,"template":"","format":"standard","meta":{"footnotes":""},"categories":[7,9,11],"tags":[],"class_list":["post-8473","post","type-post","status-publish","format-standard","hentry","category-nacional","category-politica","category-salud"],"_links":{"self":[{"href":"https:\/\/podernacional.com\/index.php?rest_route=\/wp\/v2\/posts\/8473","targetHints":{"allow":["GET"]}}],"collection":[{"href":"https:\/\/podernacional.com\/index.php?rest_route=\/wp\/v2\/posts"}],"about":[{"href":"https:\/\/podernacional.com\/index.php?rest_route=\/wp\/v2\/types\/post"}],"author":[{"embeddable":true,"href":"https:\/\/podernacional.com\/index.php?rest_route=\/wp\/v2\/users\/1"}],"replies":[{"embeddable":true,"href":"https:\/\/podernacional.com\/index.php?rest_route=%2Fwp%2Fv2%2Fcomments&post=8473"}],"version-history":[{"count":1,"href":"https:\/\/podernacional.com\/index.php?rest_route=\/wp\/v2\/posts\/8473\/revisions"}],"predecessor-version":[{"id":8474,"href":"https:\/\/podernacional.com\/index.php?rest_route=\/wp\/v2\/posts\/8473\/revisions\/8474"}],"wp:attachment":[{"href":"https:\/\/podernacional.com\/index.php?rest_route=%2Fwp%2Fv2%2Fmedia&parent=8473"}],"wp:term":[{"taxonomy":"category","embeddable":true,"href":"https:\/\/podernacional.com\/index.php?rest_route=%2Fwp%2Fv2%2Fcategories&post=8473"},{"taxonomy":"post_tag","embeddable":true,"href":"https:\/\/podernacional.com\/index.php?rest_route=%2Fwp%2Fv2%2Ftags&post=8473"}],"curies":[{"name":"wp","href":"https:\/\/api.w.org\/{rel}","templated":true}]}}