{"id":8475,"date":"2022-08-20T11:57:36","date_gmt":"2022-08-20T16:57:36","guid":{"rendered":"https:\/\/podernacional.com\/?p=8475"},"modified":"2022-08-20T16:57:38","modified_gmt":"2022-08-20T16:57:38","slug":"todo-sobre-el-festival-de-terror-six-flags-2022","status":"publish","type":"post","link":"https:\/\/podernacional.com\/?p=8475","title":{"rendered":"Todo sobre el Festival de Terror Six Flags 2022"},"content":{"rendered":"<h4>En su d\u00e9cimo aniversario el Festival del Terror en Six Flags promete traer sustos.<\/h4>\n<p>Festival de Terror Six Flags: Ademas de diversi\u00f3n a sus visitantes con una de las experiencias m\u00e1s terror\u00edficas del parque de diversiones.<\/p>\n<p>Este 2022 Six Flags realizar\u00e1 su Festival de Terror, un evento en el que el parque lleva al extremo la festividad de Halloween.<\/p>\n<p>Y en el que la diversi\u00f3n se torna siniestra al caer la noche, pues los visitantes son rodeados por seres deformes, espantosos o mal\u00e9volos.<\/p>\n<p>Mientras disfrutan de las atracciones permanentes del lugar.<\/p>\n<h4>\u00bfQu\u00e9 d\u00edas se realizar\u00e1 el Festival de Terror en Six Flags 2022?<\/h4>\n<p>En esta edici\u00f3n, Six Flags public\u00f3 que el Festival del Terror 2022 se realizar\u00e1 del 15 de septiembre al 14 de noviembre.<\/p>\n<p>Es decir, durante casi dos meses los visitantes podr\u00e1n adquirir boletos para las experiencias terror\u00edficas que se ofertar\u00e1n.<\/p>\n<p>Es importante resaltar que estas experiencias son pensadas para mayores de 13 a\u00f1os debido a la naturaleza de las mismas.<\/p>\n<h4>\u00bfD\u00f3nde puedo comprar mis boletos?<\/h4>\n<p>Los boletos para el festival podr\u00e1s adquirirlos por medio de la p\u00e1gina oficial de Six Flags.<\/p>\n<p>La cuenta oficial del parque anunci\u00f3 que para comprarlos recomiendan estar atentos a sus redes sociales.<\/p>\n<p>Donde anunciaran la venta de los pases de entrada al parque y al Festival del Terror.<\/p>\n<p>Durante el a\u00f1o pasado el costo de entrada al Festival del Terror era de $399 por persona, adicionales a la entrada regular al parque.<\/p>\n<h4>\u00bfQu\u00e9 atracciones habr\u00e1?<\/h4>\n<p>Durante estas fechas las atracciones disponibles ser\u00e1n:<\/p>\n<p>Mal de ojo, la experiencia: Un recorrido en el que convivir\u00e1n con brujas y una abuela que esconde un oscuro secreto.<\/p>\n<p>Lic\u00e1ntropos, aullidos de terror: Sumergido en un castillo maldito, debes huir de las personas que desean comerte.<\/p>\n<p>La Prisi\u00f3n: Seres perversos resultados de pruebas siniestras buscan atraparte.<\/p>\n<p>H\u00f4tel Siniestre: Por la noche los horripilantes hu\u00e9spedes del hotel interrumpir\u00e1n tu estad\u00eda.<\/p>\n<p>Las Fobias: Durante esta experiencia te expondr\u00e1s a tus m\u00e1s grandes forbias.<\/p>\n<p>El Portal: Tu mente es tu peor enemigo en este recorrido donde tus sentidos son los que te enga\u00f1an.<\/p>\n","protected":false},"excerpt":{"rendered":"<p>En su d\u00e9cimo aniversario el Festival del Terror en Six Flags promete traer sustos. Festival de Terror Six Flags: Ademas de diversi\u00f3n a sus visitantes con una de las experiencias m\u00e1s terror\u00edficas del parque de diversiones. Este 2022 Six Flags realizar\u00e1 su Festival de Terror, un evento en el que el parque lleva al extremo [&hellip;]<\/p>\n","protected":false},"author":1,"featured_media":8477,"comment_status":"open","ping_status":"closed","sticky":false,"template":"","format":"standard","meta":{"footnotes":""},"categories":[2,7],"tags":[],"class_list":["post-8475","post","type-post","status-publish","format-standard","has-post-thumbnail","hentry","category-cultural","category-nacional"],"_links":{"self":[{"href":"https:\/\/podernacional.com\/index.php?rest_route=\/wp\/v2\/posts\/8475","targetHints":{"allow":["GET"]}}],"collection":[{"href":"https:\/\/podernacional.com\/index.php?rest_route=\/wp\/v2\/posts"}],"about":[{"href":"https:\/\/podernacional.com\/index.php?rest_route=\/wp\/v2\/types\/post"}],"author":[{"embeddable":true,"href":"https:\/\/podernacional.com\/index.php?rest_route=\/wp\/v2\/users\/1"}],"replies":[{"embeddable":true,"href":"https:\/\/podernacional.com\/index.php?rest_route=%2Fwp%2Fv2%2Fcomments&post=8475"}],"version-history":[{"count":1,"href":"https:\/\/podernacional.com\/index.php?rest_route=\/wp\/v2\/posts\/8475\/revisions"}],"predecessor-version":[{"id":8476,"href":"https:\/\/podernacional.com\/index.php?rest_route=\/wp\/v2\/posts\/8475\/revisions\/8476"}],"wp:featuredmedia":[{"embeddable":true,"href":"https:\/\/podernacional.com\/index.php?rest_route=\/wp\/v2\/media\/8477"}],"wp:attachment":[{"href":"https:\/\/podernacional.com\/index.php?rest_route=%2Fwp%2Fv2%2Fmedia&parent=8475"}],"wp:term":[{"taxonomy":"category","embeddable":true,"href":"https:\/\/podernacional.com\/index.php?rest_route=%2Fwp%2Fv2%2Fcategories&post=8475"},{"taxonomy":"post_tag","embeddable":true,"href":"https:\/\/podernacional.com\/index.php?rest_route=%2Fwp%2Fv2%2Ftags&post=8475"}],"curies":[{"name":"wp","href":"https:\/\/api.w.org\/{rel}","templated":true}]}}