{"id":8481,"date":"2022-08-20T12:37:57","date_gmt":"2022-08-20T17:37:57","guid":{"rendered":"https:\/\/podernacional.com\/?p=8481"},"modified":"2022-08-20T17:37:58","modified_gmt":"2022-08-20T17:37:58","slug":"que-hacer-hoy-en-la-feria-de-malaga-programa-de-actividades-y-espectaculos-de-este-sabado","status":"publish","type":"post","link":"https:\/\/podernacional.com\/?p=8481","title":{"rendered":"\u00bfQu\u00e9 hacer hoy en la Feria de M\u00e1laga? Programa de actividades y espect\u00e1culos de este s\u00e1bado"},"content":{"rendered":"<h4>Estas son las actividades y espect\u00e1culos, clasificados por ubicaci\u00f3n y hora, que se podr\u00e1n disfrutar esta \u00faltima jornada de festejos municipales.<\/h4>\n<p>Feria de M\u00e1laga: \u00a1\u00daltimo d\u00eda de Feria de M\u00e1laga!<\/p>\n<p>Despu\u00e9s de tanto tiempo esper\u00e1ndola, festejos municipales han pasado r\u00e1pidos como el rayo y dejan tras de s\u00ed un rastro de diversi\u00f3n y buenos recuerdos.<\/p>\n<p>No debemos tampoco lamentarnos: queda una \u00faltima jornada, adem\u00e1s, en pleno fin de semana.<\/p>\n<p>Estas son las actividades y espect\u00e1culos, clasificados por ubicaci\u00f3n y con relaci\u00f3n a su hora, que se podr\u00e1n disfrutar este \u00faltimo s\u00e1bado de Feria.<\/p>\n<p>Aprovecha y no te quedes con las ganas, que no vuelve hasta dentro de un a\u00f1o como pronto&#8230;<\/p>\n<h4>En el Centro Hist\u00f3rico:<\/h4>\n<p>Plaza de la Constituci\u00f3n<\/p>\n<p>Hermanas Alarc\u00f3n 13:00-16:00 h<\/p>\n<p>Sonik\u00e9 16:00-18:00 h<\/p>\n<p>Plaza Las Flores<\/p>\n<p>M\u00fasica en directo 16:00-18:00 h<\/p>\n<p>Plaza del Obispo<\/p>\n<p>Eu Cabello. Mr. Proper 14:00-18:00 h<\/p>\n<p>Plaza de San Pedro Alc\u00e1ntara<\/p>\n<p>M\u00fasica en directo 16:00-18:00 h<\/p>\n<p>Calle Marqu\u00e9s de Larios<\/p>\n<h4>Fiesta de Verdiales<\/h4>\n<p>&#8211; Panda Isabel Portillo. Estilo Montes 13:00-16:00 h<\/p>\n<p>&#8211; Panda San Lorenzo M\u00e1rtir. Estilo Almog\u00eda 14:00-17:00 h<\/p>\n<p>Escenario Folclore Popular Malague\u00f1o<\/p>\n<p>&#8211; Academia de baile Montse de El Palo 13:00 h<\/p>\n<p>Pe\u00f1a Juan Breva (c\/ Ram\u00f3n Franquelo, 4)<\/p>\n<p>Al cante: Vanesa Fern\u00e1ndez. A la guitarra: Pepe Satorre. Grupo flamenco \u00abTaranto\u00bb 14:00 h<\/p>\n<p>Plaza de La Merced<\/p>\n<p>La Feria M\u00e1gica \u00abYo&#8230;u&#8230;tuve una feria m\u00e1gica\u00bb. Juegos, talleres, teatro, t\u00edteres, TV, pasacalles, magia&#8230; 12:00-15:30 h<\/p>\n<p>En el Real de la Feria:<\/p>\n<p>Itinerario oficial por el recinto<\/p>\n<p>Paseo de enganches y caballos 12:00-20:00 h<\/p>\n<h4>Caseta municipal del flamenco y la copla<\/h4>\n<p>Al cante: Jos\u00e9 Chaparro. A la guitarra: Chaparro de M\u00e1laga. Grupo flamenco \u00abFandango\u00bb 14:00 h<\/p>\n<p>Al cante: Miguel Astorga. A la guitarra: Antonio Soto. Copla: Ra\u00fal Palomo. Patricia Gavil\u00e1n 23:00 h<\/p>\n<p>Centro de exhibici\u00f3n ecuestre (c\/Antonio Rodr\u00edguez S\u00e1nchez, 39)<\/p>\n<p>Espect\u00e1culo \u00abSabor a M\u00e1laga ecuestre\u00bb 16:00 h y 22:00 h<\/p>\n<p>Caseta municipal infantil<\/p>\n<p>Espect\u00e1culo \u00abLa banda de los mocosos\u00bb (La Carpa Teatro) 21:30 h<\/p>\n<p>Caseta de los Verdiales<\/p>\n<h4>Fiesta malague\u00f1a de Verdiales<\/h4>\n<p>&#8211; Panda Ra\u00edces de M\u00e1laga. Estilo Comares 22:00-01:00 h<\/p>\n<p>&#8211; Panda Santa Catalina. Estilo Montes 00:00-03:00 h<\/p>\n<p>Auditorio Municipal<\/p>\n<p>Gran Gala: Maka &#8211; Detr\u00e1s de esta gira hay un flamenco 22:00 h<\/p>\n<p>Explanada de la juventud<\/p>\n<p>DJ residente: Toni Sol\u00eds. Julia Mart\u00edn 22:30 h<\/p>\n","protected":false},"excerpt":{"rendered":"<p>Estas son las actividades y espect\u00e1culos, clasificados por ubicaci\u00f3n y hora, que se podr\u00e1n disfrutar esta \u00faltima jornada de festejos municipales. Feria de M\u00e1laga: \u00a1\u00daltimo d\u00eda de Feria de M\u00e1laga! Despu\u00e9s de tanto tiempo esper\u00e1ndola, festejos municipales han pasado r\u00e1pidos como el rayo y dejan tras de s\u00ed un rastro de diversi\u00f3n y buenos recuerdos. [&hellip;]<\/p>\n","protected":false},"author":1,"featured_media":8483,"comment_status":"open","ping_status":"closed","sticky":false,"template":"","format":"standard","meta":{"footnotes":""},"categories":[2,4,5],"tags":[],"class_list":["post-8481","post","type-post","status-publish","format-standard","has-post-thumbnail","hentry","category-cultural","category-espectaculos","category-internacional"],"_links":{"self":[{"href":"https:\/\/podernacional.com\/index.php?rest_route=\/wp\/v2\/posts\/8481","targetHints":{"allow":["GET"]}}],"collection":[{"href":"https:\/\/podernacional.com\/index.php?rest_route=\/wp\/v2\/posts"}],"about":[{"href":"https:\/\/podernacional.com\/index.php?rest_route=\/wp\/v2\/types\/post"}],"author":[{"embeddable":true,"href":"https:\/\/podernacional.com\/index.php?rest_route=\/wp\/v2\/users\/1"}],"replies":[{"embeddable":true,"href":"https:\/\/podernacional.com\/index.php?rest_route=%2Fwp%2Fv2%2Fcomments&post=8481"}],"version-history":[{"count":1,"href":"https:\/\/podernacional.com\/index.php?rest_route=\/wp\/v2\/posts\/8481\/revisions"}],"predecessor-version":[{"id":8482,"href":"https:\/\/podernacional.com\/index.php?rest_route=\/wp\/v2\/posts\/8481\/revisions\/8482"}],"wp:featuredmedia":[{"embeddable":true,"href":"https:\/\/podernacional.com\/index.php?rest_route=\/wp\/v2\/media\/8483"}],"wp:attachment":[{"href":"https:\/\/podernacional.com\/index.php?rest_route=%2Fwp%2Fv2%2Fmedia&parent=8481"}],"wp:term":[{"taxonomy":"category","embeddable":true,"href":"https:\/\/podernacional.com\/index.php?rest_route=%2Fwp%2Fv2%2Fcategories&post=8481"},{"taxonomy":"post_tag","embeddable":true,"href":"https:\/\/podernacional.com\/index.php?rest_route=%2Fwp%2Fv2%2Ftags&post=8481"}],"curies":[{"name":"wp","href":"https:\/\/api.w.org\/{rel}","templated":true}]}}