{"id":8484,"date":"2022-08-20T12:44:00","date_gmt":"2022-08-20T17:44:00","guid":{"rendered":"https:\/\/podernacional.com\/?p=8484"},"modified":"2022-08-20T17:44:02","modified_gmt":"2022-08-20T17:44:02","slug":"la-otan-despliega-la-fuerza-internacional-de-seguridad-para-kosovo-en-el-norte-del-territorio","status":"publish","type":"post","link":"https:\/\/podernacional.com\/?p=8484","title":{"rendered":"La OTAN despliega la Fuerza Internacional de Seguridad para K\u00f3sovo en el norte del territorio"},"content":{"rendered":"<h4>Despliegue de las Fuerzas de Seguridad de la <a href=\"https:\/\/www.nato.int\/\">OTAN<\/a> para K\u00f3sovo<\/h4>\n<p>OTAN: La OTAN despliega la Fuerza Internacional de Seguridad (KFOR).<\/p>\n<p>Lo cual son en las principales carreteras del norte de K\u00f3sovo.<\/p>\n<p>Todo esto\u00a0despu\u00e9s del fracaso de la reuni\u00f3n de este jueves entre el presidente de Serbia y el primer ministro kosovar en Bruselas.<\/p>\n<p>Reuni\u00f3n de la que salieron con ganas de seguir conversando en los pr\u00f3ximos d\u00edas.<\/p>\n<p>Pero nada m\u00e1s, seg\u00fan se\u00f1al\u00f3 el jefe de la diplomacia de la UE, Josep Borrell.<\/p>\n<p>Las tensiones escalaron a finales de julio cuando el primer ministro de K\u00f3sovo declar\u00f3 que los documentos de identidad y las matr\u00edculas de Serbia.<\/p>\n<h4>Mencionan que iban a dejar de ser v\u00e1lidas en su territorio.<\/h4>\n<p>Esto conforme a\u00a0como respuesta a 10 a\u00f1os de invalidez de las matr\u00edculas y documentos kosovares en Serbia.<\/p>\n<p>La medida kosovar despert\u00f3 la ira de las poblaciones del norte lim\u00edtrofes con su vecino serbio que pusieron barricadas y bloquearon el paso.<\/p>\n<p>Europa en alerta por la tensi\u00f3n creciente entre Serbia y K\u00f3sovo<\/p>\n<p>La OTAN insta a Serbia y a K\u00f3sovo a que rebajen las tensiones<\/p>\n<p>Mano tendida de Kosovo y Serbia para rebajar las tensiones tras aplazar un mes una criticada medida.<\/p>\n<p>Al final los kosovares frenaron la aplicaci\u00f3n de la medida durante un mes debido a la presi\u00f3n de Occidente.<\/p>\n<p>Pero si no se llega a un acuerdo, las poblaciones lim\u00edtrofes temen que la situaci\u00f3n se complique.<\/p>\n","protected":false},"excerpt":{"rendered":"<p>Despliegue de las Fuerzas de Seguridad de la OTAN para K\u00f3sovo OTAN: La OTAN despliega la Fuerza Internacional de Seguridad (KFOR). Lo cual son en las principales carreteras del norte de K\u00f3sovo. Todo esto\u00a0despu\u00e9s del fracaso de la reuni\u00f3n de este jueves entre el presidente de Serbia y el primer ministro kosovar en Bruselas. Reuni\u00f3n [&hellip;]<\/p>\n","protected":false},"author":1,"featured_media":8486,"comment_status":"open","ping_status":"closed","sticky":false,"template":"","format":"standard","meta":{"footnotes":""},"categories":[5,9],"tags":[],"class_list":["post-8484","post","type-post","status-publish","format-standard","has-post-thumbnail","hentry","category-internacional","category-politica"],"_links":{"self":[{"href":"https:\/\/podernacional.com\/index.php?rest_route=\/wp\/v2\/posts\/8484","targetHints":{"allow":["GET"]}}],"collection":[{"href":"https:\/\/podernacional.com\/index.php?rest_route=\/wp\/v2\/posts"}],"about":[{"href":"https:\/\/podernacional.com\/index.php?rest_route=\/wp\/v2\/types\/post"}],"author":[{"embeddable":true,"href":"https:\/\/podernacional.com\/index.php?rest_route=\/wp\/v2\/users\/1"}],"replies":[{"embeddable":true,"href":"https:\/\/podernacional.com\/index.php?rest_route=%2Fwp%2Fv2%2Fcomments&post=8484"}],"version-history":[{"count":1,"href":"https:\/\/podernacional.com\/index.php?rest_route=\/wp\/v2\/posts\/8484\/revisions"}],"predecessor-version":[{"id":8485,"href":"https:\/\/podernacional.com\/index.php?rest_route=\/wp\/v2\/posts\/8484\/revisions\/8485"}],"wp:featuredmedia":[{"embeddable":true,"href":"https:\/\/podernacional.com\/index.php?rest_route=\/wp\/v2\/media\/8486"}],"wp:attachment":[{"href":"https:\/\/podernacional.com\/index.php?rest_route=%2Fwp%2Fv2%2Fmedia&parent=8484"}],"wp:term":[{"taxonomy":"category","embeddable":true,"href":"https:\/\/podernacional.com\/index.php?rest_route=%2Fwp%2Fv2%2Fcategories&post=8484"},{"taxonomy":"post_tag","embeddable":true,"href":"https:\/\/podernacional.com\/index.php?rest_route=%2Fwp%2Fv2%2Ftags&post=8484"}],"curies":[{"name":"wp","href":"https:\/\/api.w.org\/{rel}","templated":true}]}}