{"id":8490,"date":"2022-08-20T12:55:39","date_gmt":"2022-08-20T17:55:39","guid":{"rendered":"https:\/\/podernacional.com\/?p=8490"},"modified":"2022-08-20T17:55:40","modified_gmt":"2022-08-20T17:55:40","slug":"en-guadalajara-invitan-a-celebrar-a-zacatecas","status":"publish","type":"post","link":"https:\/\/podernacional.com\/?p=8490","title":{"rendered":"En Guadalajara, invitan a celebrar a Zacatecas"},"content":{"rendered":"<h4>Despu\u00e9s de dos a\u00f1os de interrupci\u00f3n obligada por la pandemia de la Covid-19.<\/h4>\n<p>Guadalajara: Este 2022 Zacatecas retoma el rumbo y abre las puertas a su Feria Nacional en Guadalajara.<\/p>\n<p>La mesa est\u00e1 servida con un amplio abanico de diversi\u00f3n, m\u00fasica, cultura y entretenimiento, para llevarse a cabo del 3 al 18 de septiembre.<\/p>\n<p>Durante la presentaci\u00f3n de la Feria Nacional de Zacatecas 2022.<\/p>\n<p>Con esto,\u00a0Gustavo Zamora, \u00a0coordinador del Comit\u00e9 de Reinas y encargado de hacer la presentaci\u00f3n oficial al p\u00fablico tapat\u00edo.<\/p>\n<p>Ademas que puntualiz\u00f3 que la seguridad est\u00e1 garantizada para todos los visitantes en Guadalajara.<\/p>\n<p>Por ende est\u00e1\u00a0esperando llegar a poco m\u00e1s de 25 mil personas que acudan a los diferentes eventos programados para este fest\u00edn.<\/p>\n<p>La baraja de opciones para toda la familia es amplia y, como ya es costumbre cada edici\u00f3n.<\/p>\n<p>Ademas que la Feria Nacional de Zacatecas hace un especial \u00e9nfasis en su cartelera musical.<\/p>\n<p>Con opciones completamente gratuitas en su Teatro del Pueblo, para el que se tienen programados artistas de g\u00e9neros diversos.<\/p>\n<h4>Los cuales\u00a0van desde el pop como Yuridia, para el 5 de septiembre.<\/h4>\n<p>El 90\u2019s Pop Tour, que se presenta el d\u00eda del arranque de la feria, hasta artistas consolidados de la talla de Dulce y Estela N\u00fa\u00f1ez.<\/p>\n<p>Tambi\u00e9n contar\u00e1 con lo m\u00e1s destacado del regional mexicano, entre ellos Lupillo Rivera.<\/p>\n<p>La cual ha\u00a0confirmado para el primero de septiembre.<\/p>\n<p>Y ademas, Julio Preciado para el 7 y Laberinto, a presentarse ante el p\u00fablico zacatecano el 14 del mismo mes.<\/p>\n<p>No conforme con ello, Zacatecas prepar\u00f3 un serial musical en su Palenque.<\/p>\n<p>Lugar en donde se confirma la actuaci\u00f3n del Rey de la taquilla, Juli\u00f3n \u00c1lvarez, quien dar\u00e1 el cerrojazo a la feria 18 de septiembre.<\/p>\n<p>Mientras que Carlos Rivera ser\u00e1 el encargado de abrir el serial el 3 del mismo mes.<\/p>\n<h4>La cartelera musical incluye, asimismo, a artistas como Pepe Aguilar (10 de septiembre), Christian Nodal (9 de septiembre).<\/h4>\n<p>As\u00ed como de\u00a0Marisela (7 de septiembre), La Arrolladora (8 de septiembre).<\/p>\n<p>Y por ultimo de\u00a0Los Tigres del Norte, programados para la pen\u00faltima fecha de este palenque zacatecano 2022.<\/p>\n<p>Como parte de las actividades tambi\u00e9n se contempla un breve serial taurino en el que ya est\u00e1n confirmados toreros nacionales de alto renombre.<\/p>\n<p>Juan Pablo S\u00e1nchez, Ferm\u00edn Rivera, Octavio Garc\u00eda El Payo.<\/p>\n<p>As\u00ed como de\u00a0Antonio Garc\u00eda El Chihuahua son algunos de los coletas que actuar\u00e1n como parte del fest\u00edn taurino.<\/p>\n<p>Por su parte, Diana Medina Pinedo, Miroslava Murga Castillo y Azareth Campos Guerrero, candidatas a reina.<\/p>\n<p>Ademas que\u00a0invitaron a los jaliscienses a disfrutar de los atractivos tur\u00edsticos de Zacatecas durante todo el a\u00f1o, entre los que destacan seis Pueblos M\u00e1gicos.<\/p>\n<p>Se espera que la derrama econ\u00f3mica que deje esta feria supere los 68 millones de pesos.<\/p>\n","protected":false},"excerpt":{"rendered":"<p>Despu\u00e9s de dos a\u00f1os de interrupci\u00f3n obligada por la pandemia de la Covid-19. Guadalajara: Este 2022 Zacatecas retoma el rumbo y abre las puertas a su Feria Nacional en Guadalajara. La mesa est\u00e1 servida con un amplio abanico de diversi\u00f3n, m\u00fasica, cultura y entretenimiento, para llevarse a cabo del 3 al 18 de septiembre. Durante [&hellip;]<\/p>\n","protected":false},"author":1,"featured_media":8492,"comment_status":"open","ping_status":"closed","sticky":false,"template":"","format":"standard","meta":{"footnotes":""},"categories":[2,7],"tags":[],"class_list":["post-8490","post","type-post","status-publish","format-standard","has-post-thumbnail","hentry","category-cultural","category-nacional"],"_links":{"self":[{"href":"https:\/\/podernacional.com\/index.php?rest_route=\/wp\/v2\/posts\/8490","targetHints":{"allow":["GET"]}}],"collection":[{"href":"https:\/\/podernacional.com\/index.php?rest_route=\/wp\/v2\/posts"}],"about":[{"href":"https:\/\/podernacional.com\/index.php?rest_route=\/wp\/v2\/types\/post"}],"author":[{"embeddable":true,"href":"https:\/\/podernacional.com\/index.php?rest_route=\/wp\/v2\/users\/1"}],"replies":[{"embeddable":true,"href":"https:\/\/podernacional.com\/index.php?rest_route=%2Fwp%2Fv2%2Fcomments&post=8490"}],"version-history":[{"count":1,"href":"https:\/\/podernacional.com\/index.php?rest_route=\/wp\/v2\/posts\/8490\/revisions"}],"predecessor-version":[{"id":8491,"href":"https:\/\/podernacional.com\/index.php?rest_route=\/wp\/v2\/posts\/8490\/revisions\/8491"}],"wp:featuredmedia":[{"embeddable":true,"href":"https:\/\/podernacional.com\/index.php?rest_route=\/wp\/v2\/media\/8492"}],"wp:attachment":[{"href":"https:\/\/podernacional.com\/index.php?rest_route=%2Fwp%2Fv2%2Fmedia&parent=8490"}],"wp:term":[{"taxonomy":"category","embeddable":true,"href":"https:\/\/podernacional.com\/index.php?rest_route=%2Fwp%2Fv2%2Fcategories&post=8490"},{"taxonomy":"post_tag","embeddable":true,"href":"https:\/\/podernacional.com\/index.php?rest_route=%2Fwp%2Fv2%2Ftags&post=8490"}],"curies":[{"name":"wp","href":"https:\/\/api.w.org\/{rel}","templated":true}]}}