{"id":8493,"date":"2022-08-20T13:02:18","date_gmt":"2022-08-20T18:02:18","guid":{"rendered":"https:\/\/podernacional.com\/?p=8493"},"modified":"2022-08-20T18:02:19","modified_gmt":"2022-08-20T18:02:19","slug":"zacatecas-sera-sede-del-congreso-de-investigacion-aplicada-al-turismo-2022","status":"publish","type":"post","link":"https:\/\/podernacional.com\/?p=8493","title":{"rendered":"Zacatecas ser\u00e1 sede del Congreso de Investigaci\u00f3n Aplicada al Turismo 2022"},"content":{"rendered":"<h4>El congreso se llevar\u00e1 acabo del 31 de agosto al 2 de septiembre; ser\u00e1 un espacio para la divulgaci\u00f3n y discusi\u00f3n de los resultados de investigaciones.<\/h4>\n<p>Congreso de Investigaci\u00f3n Aplicada: Ha logrado constituirse como un referente importante para los investigadores.<\/p>\n<p>La Secretar\u00eda de Turismo (Sectur) inform\u00f3 que en coordinaci\u00f3n con la Universidad Aut\u00f3noma de Zacatecas.<\/p>\n<p>Lo cual\u00a0organizar\u00e1 el Congreso de Investigaci\u00f3n Aplicada al Turismo 2022, que se llevar\u00e1 a cabo del 31 de agosto al 2 de septiembre.<\/p>\n<p>El director general de Profesionalizaci\u00f3n y Competitividad Tur\u00edstica de Sectur, Ram\u00f3n Mart\u00ednez Gasca.<\/p>\n<p>Ademas de que se\u00f1al\u00f3 que el congreso ser\u00e1 un espacio para la divulgaci\u00f3n y discusi\u00f3n de los resultados.<\/p>\n<p>As\u00ed como de\u00a0hallazgos de investigaciones aplicadas, as\u00ed como desarrollos tecnol\u00f3gicos que tienen aplicaci\u00f3n e influencia sobre el turismo y su cadena de valor.<\/p>\n<p>Peso cierra semana con p\u00e9rdidas por temor a mayores tasas de inter\u00e9s a nivel mundial<\/p>\n<h4>Destac\u00f3 que el congreso ha logrado constituirse como un referente importante para los investigadores.<\/h4>\n<p>Al igual que\u00a0a\u00f1o con a\u00f1o ha ido creciendo en participaci\u00f3n y nivel acad\u00e9mico de las investigaciones difundidas.<\/p>\n<p>El evento que tendr\u00e1 como sede la Universidad Aut\u00f3noma de Zacatecas va dirigido a:<\/p>\n<p>Investigadores, acad\u00e9micos, tecn\u00f3logos, empresarios y estudiantes de instituciones de educaci\u00f3n superior.<\/p>\n<p>As\u00ed como centros de investigaci\u00f3n, empresas y organizaciones relacionadas al turismo.<\/p>\n<p>En un comunicado, la Sectur asegur\u00f3 que en esta edici\u00f3n participar\u00e1n:<\/p>\n<p>Estudiantes, investigadores y acad\u00e9micos provenientes de universidades e instituciones de educaci\u00f3n superior, p\u00fablicas y privadas.<\/p>\n<p>As\u00ed como de\u00a0centros e institutos de investigaci\u00f3n, a nivel nacional e internacional.<\/p>\n<h4>Mart\u00ednez Gasca detall\u00f3 que durante el congreso se realizaran conferencias magistrales, paneles de expertos, y presentaciones de libros.<\/h4>\n<p>Por su parte, el secretario de Turismo de Zacatecas, Le Roy Barrag\u00e1n.<\/p>\n<p>La cual\u00a0habl\u00f3 de la importancia de celebrar esta actividad en la entidad para colocarla en el escenario de la investigaci\u00f3n tur\u00edstica.<\/p>\n<p>As\u00ed como para estar a la vanguardia en la atracci\u00f3n de turistas quienes, seguramente, generar\u00e1n una importante derrama econ\u00f3mica.<\/p>\n<p>Por su parte, el rector de la Universidad Aut\u00f3noma de Zacatecas, Rub\u00e9n Ibarra.<\/p>\n<p>Ademas de que\u00a0resalt\u00f3 que el congreso propiciar\u00e1 una vinculaci\u00f3n de la academia con el gobierno federal y estatal.<\/p>\n<p>As\u00ed como el sector productivo, dar\u00e1 un beneficio compartido como resultado el posicionamiento tur\u00edstico de Zacatecas.<\/p>\n","protected":false},"excerpt":{"rendered":"<p>El congreso se llevar\u00e1 acabo del 31 de agosto al 2 de septiembre; ser\u00e1 un espacio para la divulgaci\u00f3n y discusi\u00f3n de los resultados de investigaciones. Congreso de Investigaci\u00f3n Aplicada: Ha logrado constituirse como un referente importante para los investigadores. La Secretar\u00eda de Turismo (Sectur) inform\u00f3 que en coordinaci\u00f3n con la Universidad Aut\u00f3noma de Zacatecas. [&hellip;]<\/p>\n","protected":false},"author":1,"featured_media":8495,"comment_status":"open","ping_status":"closed","sticky":false,"template":"","format":"standard","meta":{"footnotes":""},"categories":[7,9],"tags":[],"class_list":["post-8493","post","type-post","status-publish","format-standard","has-post-thumbnail","hentry","category-nacional","category-politica"],"_links":{"self":[{"href":"https:\/\/podernacional.com\/index.php?rest_route=\/wp\/v2\/posts\/8493","targetHints":{"allow":["GET"]}}],"collection":[{"href":"https:\/\/podernacional.com\/index.php?rest_route=\/wp\/v2\/posts"}],"about":[{"href":"https:\/\/podernacional.com\/index.php?rest_route=\/wp\/v2\/types\/post"}],"author":[{"embeddable":true,"href":"https:\/\/podernacional.com\/index.php?rest_route=\/wp\/v2\/users\/1"}],"replies":[{"embeddable":true,"href":"https:\/\/podernacional.com\/index.php?rest_route=%2Fwp%2Fv2%2Fcomments&post=8493"}],"version-history":[{"count":1,"href":"https:\/\/podernacional.com\/index.php?rest_route=\/wp\/v2\/posts\/8493\/revisions"}],"predecessor-version":[{"id":8494,"href":"https:\/\/podernacional.com\/index.php?rest_route=\/wp\/v2\/posts\/8493\/revisions\/8494"}],"wp:featuredmedia":[{"embeddable":true,"href":"https:\/\/podernacional.com\/index.php?rest_route=\/wp\/v2\/media\/8495"}],"wp:attachment":[{"href":"https:\/\/podernacional.com\/index.php?rest_route=%2Fwp%2Fv2%2Fmedia&parent=8493"}],"wp:term":[{"taxonomy":"category","embeddable":true,"href":"https:\/\/podernacional.com\/index.php?rest_route=%2Fwp%2Fv2%2Fcategories&post=8493"},{"taxonomy":"post_tag","embeddable":true,"href":"https:\/\/podernacional.com\/index.php?rest_route=%2Fwp%2Fv2%2Ftags&post=8493"}],"curies":[{"name":"wp","href":"https:\/\/api.w.org\/{rel}","templated":true}]}}