{"id":8496,"date":"2022-08-20T13:13:25","date_gmt":"2022-08-20T18:13:25","guid":{"rendered":"https:\/\/podernacional.com\/?p=8496"},"modified":"2022-08-20T18:13:26","modified_gmt":"2022-08-20T18:13:26","slug":"policia-de-monterrey-inicia-operativo-de-seguridad-por-compras-de-utiles-escolares","status":"publish","type":"post","link":"https:\/\/podernacional.com\/?p=8496","title":{"rendered":"Polic\u00eda de Monterrey inicia operativo de seguridad por compras de \u00fatiles escolares"},"content":{"rendered":"<h4>Ser\u00e1n 50 elementos, quienes estar\u00e1n de 09:00 a 21:00 en la avenida Ju\u00e1rez, de Constituci\u00f3n a Col\u00f3n, y en lugares de mayor afluencia.<\/h4>\n<p>Polic\u00eda de Monterrey: Ser\u00e1n 50 elementos de la polic\u00eda de Monterrey que estar\u00e1n vigilando.<\/p>\n<p>A partir de este viernes y con el objetivo de cuidar la integridad de las personas.<\/p>\n<p>As\u00ed como su patrimonio, la Secretar\u00eda de Seguridad y Protecci\u00f3n a la Ciudadan\u00eda de Monterrey.<\/p>\n<p>Lo cual arranc\u00f3 un operativo preventivo en la zona centro de la ciudad y en \u00e1reas comerciales.<\/p>\n<p>Por las compras de art\u00edculos escolares ante el pr\u00f3ximo regreso a clases.<\/p>\n<h4>Escuela registra 14 robos y da\u00f1os por 100 mil pesos en Monterrey<\/h4>\n<p>Esto, se\u00f1al\u00f3 la autoridad, debido a que esperan que desde hoy.<\/p>\n<p>Ademas que\u00a0durante las siguientes dos semanas se incremente la afluencia de padres de familia que realizan las compras de:<\/p>\n<p>\u00datiles, uniformes y todo lo necesario para el ciclo escolar 22-23.<\/p>\n<p>En este operativo preventivo de seguridad, a cargo de la Direcci\u00f3n de Polic\u00eda de Proximidad.<\/p>\n<p>Lo cual se contar\u00e1 con al menos 50 elementos de 09:00 a 21:00.<\/p>\n<p>Ademas de que se tendr\u00e1 presencia en la avenida Ju\u00e1rez, de Constituci\u00f3n a Col\u00f3n, y en aquellas \u00e1reas de mayor afluencia.<\/p>\n<p>Carlos Eduardo Gonz\u00e1lez De Le\u00f3n, comandante de Operativos de Apoyo.<\/p>\n<p>Con esto\u00a0explic\u00f3 que el dispositivo reforzar\u00e1 la vigilancia en zonas comerciales del centro de Monterrey.<\/p>\n<p>\u201cEn todo momento van a estar las unidades de la zona, as\u00ed como los compa\u00f1eros ciclistas y motorizados\u201d.<\/p>\n<p>\u201cAdemas\u00a0dando los recorridos en las zonas espec\u00edficas de la venta de art\u00edculos escolares, uniformes, zapatos y todo lo relacionado\u201d, coment\u00f3.<\/p>\n<h4>Recomendaciones<\/h4>\n<p>*No mostrar todo el dinero al realizar las compras.<\/p>\n<p>*Llevar s\u00f3lo el efectivo necesario o usar tarjetas bancarias.<\/p>\n<p>*Tener cuidado al usar los cajeros autom\u00e1ticos<\/p>\n<p>*En el caso de las mujeres portar el bolso de mano pegado al brazo.<\/p>\n<p>Ademas que\u00a0en el caso de los hombres portar la cartera en la bolsa delantera del pantal\u00f3n.<\/p>\n<p>*No dejar objetos de valor en el interior de su autom\u00f3vil.<\/p>\n<p>*De preferencia dejar a los menores de edad seguros en casa.<\/p>\n<p>*Reportar a personas sospechosas o hechos delictivos al 911, 072 o a los elementos apostados en el sector.<\/p>\n","protected":false},"excerpt":{"rendered":"<p>Ser\u00e1n 50 elementos, quienes estar\u00e1n de 09:00 a 21:00 en la avenida Ju\u00e1rez, de Constituci\u00f3n a Col\u00f3n, y en lugares de mayor afluencia. Polic\u00eda de Monterrey: Ser\u00e1n 50 elementos de la polic\u00eda de Monterrey que estar\u00e1n vigilando. A partir de este viernes y con el objetivo de cuidar la integridad de las personas. As\u00ed como [&hellip;]<\/p>\n","protected":false},"author":1,"featured_media":8498,"comment_status":"open","ping_status":"closed","sticky":false,"template":"","format":"standard","meta":{"footnotes":""},"categories":[7,8],"tags":[],"class_list":["post-8496","post","type-post","status-publish","format-standard","has-post-thumbnail","hentry","category-nacional","category-policia"],"_links":{"self":[{"href":"https:\/\/podernacional.com\/index.php?rest_route=\/wp\/v2\/posts\/8496","targetHints":{"allow":["GET"]}}],"collection":[{"href":"https:\/\/podernacional.com\/index.php?rest_route=\/wp\/v2\/posts"}],"about":[{"href":"https:\/\/podernacional.com\/index.php?rest_route=\/wp\/v2\/types\/post"}],"author":[{"embeddable":true,"href":"https:\/\/podernacional.com\/index.php?rest_route=\/wp\/v2\/users\/1"}],"replies":[{"embeddable":true,"href":"https:\/\/podernacional.com\/index.php?rest_route=%2Fwp%2Fv2%2Fcomments&post=8496"}],"version-history":[{"count":1,"href":"https:\/\/podernacional.com\/index.php?rest_route=\/wp\/v2\/posts\/8496\/revisions"}],"predecessor-version":[{"id":8497,"href":"https:\/\/podernacional.com\/index.php?rest_route=\/wp\/v2\/posts\/8496\/revisions\/8497"}],"wp:featuredmedia":[{"embeddable":true,"href":"https:\/\/podernacional.com\/index.php?rest_route=\/wp\/v2\/media\/8498"}],"wp:attachment":[{"href":"https:\/\/podernacional.com\/index.php?rest_route=%2Fwp%2Fv2%2Fmedia&parent=8496"}],"wp:term":[{"taxonomy":"category","embeddable":true,"href":"https:\/\/podernacional.com\/index.php?rest_route=%2Fwp%2Fv2%2Fcategories&post=8496"},{"taxonomy":"post_tag","embeddable":true,"href":"https:\/\/podernacional.com\/index.php?rest_route=%2Fwp%2Fv2%2Ftags&post=8496"}],"curies":[{"name":"wp","href":"https:\/\/api.w.org\/{rel}","templated":true}]}}