{"id":8535,"date":"2022-08-23T20:12:08","date_gmt":"2022-08-24T01:12:08","guid":{"rendered":"https:\/\/podernacional.com\/?p=8535"},"modified":"2022-08-24T01:12:10","modified_gmt":"2022-08-24T01:12:10","slug":"se-multiplica-inversion-de-festival-de-las-naciones-en-leon","status":"publish","type":"post","link":"https:\/\/podernacional.com\/?p=8535","title":{"rendered":"Se multiplica inversi\u00f3n de Festival de las Naciones en Le\u00f3n"},"content":{"rendered":"<h4>Se gener\u00f3 una ganancia en promedio de 640 mil pesos entre las 15 naciones invitadas.<\/h4>\n<p>Festival de las Naciones en Le\u00f3n: Se multiplica inversi\u00f3n de Festival de las Naciones en Le\u00f3n<\/p>\n<p>Durante el Festival de Verano 2022, la Direcci\u00f3n General de Hospitalidad y Turismo.<\/p>\n<p>Ademas de que\u00a0inform\u00f3 que el sector del Festival de las Naciones.<\/p>\n<p>Por ende se\u00a0logr\u00f3 multiplicar su inversi\u00f3n, generando una ganancia en promedio de 640 mil pesos entre las 15 naciones invitadas.<\/p>\n<p>A este festival se le invirti\u00f3 un total de 208 mil 773 pesos, en el que durante el festival, se reportaron 12 mil 805 ventas.<\/p>\n<p>Ademas que\u00a0donde las personas hicieron una compra promedio de $50.00 pesos , arrojando un total de 640 mil 250 pesos.<\/p>\n<p>Este espacio, logr\u00f3 llevarse a cabo en colaboraci\u00f3n con el Patronato de la Feria Estatal y Parque Ecol\u00f3gico.<\/p>\n<p>Por eso,\u00a0la Secretar\u00eda del Migrante y Enlace Internacional.<\/p>\n<h4>As\u00ed como los representantes de las 15 comunidades internacionales que estuvieron presentes durante esta edici\u00f3n del Festival de Verano.<\/h4>\n<p>Cabe mencionar que el Festival de las Naciones es un evento anual.<\/p>\n<p>Por consecuente,\u00a0gratuito que se realiza desde 2017 en colaboraci\u00f3n con las comunidades internacionales que radican en Le\u00f3n.<\/p>\n<p>Ademas que cuyos representantes no son necesariamente comerciantes.<\/p>\n<p>Pero participan y realizan un esfuerzo adicional a sus actividades diarias con la intenci\u00f3n de representar a sus pa\u00edses.<\/p>\n<p>El objetivo principal de este festival, fue el respeto a la autenticidad socio-cultural entre la comunidad anfitriona.<\/p>\n<h4>Ademas que las comunidades internacionales establecidas en nuestra entidad.<\/h4>\n<p>En un evento que promueve la identidad, la gastronom\u00eda, artesan\u00edas y expresiones tradicionales en un espacio de convivencia multicultural.<\/p>\n<p>El proceso de reclutamiento, se lanz\u00f3 por medio de una convocatoria abierta a los representantes de comunidades internacionales.<\/p>\n<p>En el que se les pidieron documentos que comprobaran su nacionalidad extranjera.<\/p>\n<p>Se realizaron varias reuniones de seguimiento y planeaci\u00f3n con ellos, y se consideraron el n\u00famero de espacios disponibles.<\/p>\n<p>Se inform\u00f3 que dentro del Programa de Gobierno se tienen previstas 4 participaciones anuales.<\/p>\n<p>De las cuales este a\u00f1o consideramos participar en una celebraci\u00f3n de la diversidad cultural (Romer\u00eda de la Raza) y otro para la temporada decembrina.<\/p>\n","protected":false},"excerpt":{"rendered":"<p>Se gener\u00f3 una ganancia en promedio de 640 mil pesos entre las 15 naciones invitadas. Festival de las Naciones en Le\u00f3n: Se multiplica inversi\u00f3n de Festival de las Naciones en Le\u00f3n Durante el Festival de Verano 2022, la Direcci\u00f3n General de Hospitalidad y Turismo. Ademas de que\u00a0inform\u00f3 que el sector del Festival de las Naciones. [&hellip;]<\/p>\n","protected":false},"author":1,"featured_media":8537,"comment_status":"open","ping_status":"closed","sticky":false,"template":"","format":"standard","meta":{"footnotes":""},"categories":[2,7],"tags":[],"class_list":["post-8535","post","type-post","status-publish","format-standard","has-post-thumbnail","hentry","category-cultural","category-nacional"],"_links":{"self":[{"href":"https:\/\/podernacional.com\/index.php?rest_route=\/wp\/v2\/posts\/8535","targetHints":{"allow":["GET"]}}],"collection":[{"href":"https:\/\/podernacional.com\/index.php?rest_route=\/wp\/v2\/posts"}],"about":[{"href":"https:\/\/podernacional.com\/index.php?rest_route=\/wp\/v2\/types\/post"}],"author":[{"embeddable":true,"href":"https:\/\/podernacional.com\/index.php?rest_route=\/wp\/v2\/users\/1"}],"replies":[{"embeddable":true,"href":"https:\/\/podernacional.com\/index.php?rest_route=%2Fwp%2Fv2%2Fcomments&post=8535"}],"version-history":[{"count":1,"href":"https:\/\/podernacional.com\/index.php?rest_route=\/wp\/v2\/posts\/8535\/revisions"}],"predecessor-version":[{"id":8536,"href":"https:\/\/podernacional.com\/index.php?rest_route=\/wp\/v2\/posts\/8535\/revisions\/8536"}],"wp:featuredmedia":[{"embeddable":true,"href":"https:\/\/podernacional.com\/index.php?rest_route=\/wp\/v2\/media\/8537"}],"wp:attachment":[{"href":"https:\/\/podernacional.com\/index.php?rest_route=%2Fwp%2Fv2%2Fmedia&parent=8535"}],"wp:term":[{"taxonomy":"category","embeddable":true,"href":"https:\/\/podernacional.com\/index.php?rest_route=%2Fwp%2Fv2%2Fcategories&post=8535"},{"taxonomy":"post_tag","embeddable":true,"href":"https:\/\/podernacional.com\/index.php?rest_route=%2Fwp%2Fv2%2Ftags&post=8535"}],"curies":[{"name":"wp","href":"https:\/\/api.w.org\/{rel}","templated":true}]}}