{"id":8541,"date":"2022-08-23T20:29:44","date_gmt":"2022-08-24T01:29:44","guid":{"rendered":"https:\/\/podernacional.com\/?p=8541"},"modified":"2022-08-24T01:29:46","modified_gmt":"2022-08-24T01:29:46","slug":"el-mercado-de-las-tres-culturas-regresa-a-jaca-con-100-puestos-y-200-espectaculos","status":"publish","type":"post","link":"https:\/\/podernacional.com\/?p=8541","title":{"rendered":"El Mercado de las Tres Culturas regresa a Jaca con 100 puestos y 200 espect\u00e1culos"},"content":{"rendered":"<h4>Hasta el jueves 25 de agosto, las calles del Casco Hist\u00f3rico regresan a la Edad Media con exhibiciones y espect\u00e1culos abiertos a todo el p\u00fablico.<\/h4>\n<p>El Mercado de las Tres Culturas: Esto, las calles del Casco Hist\u00f3rico de Jaca regresan a la Edad Media con 100 puestos y 200 espect\u00e1culos.<\/p>\n<p>Mercado de las Tres Culturas de Jaca<\/p>\n<p>Las calles del centro de Jaca se convierten estos d\u00edas en una ciudad de la Edad Media.<\/p>\n<p>En la que se mezclan tradiciones con mitos y leyendas.<\/p>\n<p>El Mercado de las Tres Culturas llena desde este martes y hasta el jueves el Casco Hist\u00f3rico.<\/p>\n<p>Una iniciativa del Ayuntamiento y la Diputaci\u00f3n Provincial de Huesca enmarcada en el Festival Camino de Santiago.<\/p>\n<p>Ademas de que retoma su actividad tras las restricciones que han afectado a los eventos estivales en los \u00faltimos a\u00f1os.<\/p>\n<h4>Durante estos tres d\u00edas se suceder\u00e1n las actuaciones y muestras en un recorrido que contar\u00e1 con 100 puestos de alimentaci\u00f3n y artesan\u00eda.<\/h4>\n<p>As\u00ed como con 200 espect\u00e1culos y 500 artistas y comerciantes.<\/p>\n<p>Todos los d\u00edas del mercado se podr\u00e1n visitar el campamento medieval situado en los glacis de la Ciudadela y las atracciones manuales.<\/p>\n<p>Adem\u00e1s, se celebrar\u00e1n concursos de disfraces, pintura y fotograf\u00eda.<\/p>\n<p>En el preg\u00f3n del mercado, el alcalde de Jaca, Juan Manuel Ram\u00f3n.<\/p>\n<p>Ademas que ha recordado que esta es una de las ciudades con mayor tradici\u00f3n en mercados medievales.<\/p>\n<p>Ya que fue de las primeras localidades en las que se comenz\u00f3 a celebrar, hace unos treinta a\u00f1os, a iniciativa de Turespa\u00f1a.<\/p>\n<p>Adem\u00e1s, ha se\u00f1alado que este es un mercado que recuerda a las tres culturas que han conformado la ciudad de Jaca -cristiana, jud\u00eda y musulmana-.<\/p>\n<p>As\u00ed\u00a0en el que se suman, en la actualidad, \u201ctodas las culturas que convivimos en la ciudad\u201d.<\/p>\n<h4>Por su parte, el concejal de Cultura, Javier Ac\u00edn, ha se\u00f1alado que este a\u00f1o el mercado se ha adaptado para que sea m\u00e1s amplio.<\/h4>\n<p>Ademas de\u00a0c\u00f3modo para expositores y visitantes.<\/p>\n<p>\u201cJaca no solo es una ciudad con historia, cultura y tradici\u00f3n comercial sino que tambi\u00e9n es una ciudad acogedora\u201d, ha a\u00f1adido.<\/p>\n<p>El mercado abrir\u00e1 sus puertas este mi\u00e9rcoles a las 10.30.<\/p>\n<p>Media hora m\u00e1s tarde lo har\u00e1 el campamento con salvas de ca\u00f1ones y llegar\u00e1n los m\u00fasicos.<\/p>\n<p>Durante la jornada y hasta bien entrada la noche se podr\u00e1 disfrutar en el propio mercado y en otros escenarios como:<\/p>\n<p>Los Glacis de la Ciudadela y la plaza Bisc\u00f3s de los espect\u00e1culos Le Gran Duy\u00f3n, El bosque encantado, El Drag\u00f3n y la bailarina.<\/p>\n<p>As\u00ed como \u00a0En busca del reo, Porfiri\u00f3n, Danzas sagradas, M\u00fasica \u00e1rabe, El Hada Plantapalabras, Elfo y sus ruedas m\u00e1gicas, Bestiario.<\/p>\n<p>Ademas de El Narizotas, Danzas n\u00f3madas de Esmeralda, Do\u00f1a Natura y los enredaduendes, Maleficio, Danza guerrera de dragones.<\/p>\n<p>Con esto ademas una Ronda musical trovadoresca, La Reina de corazones sale en busca de reverencias, Encantador de serpientes.<\/p>\n<p>As\u00ed como la Dama de las Nieves, el Carro de los apestados y Danza y fuego en la noche de Beltane&#8230;<\/p>\n<p>Tambi\u00e9n habr\u00e1 demostraciones de combate, de c\u00f3mo se vest\u00eda un caballero y de formaciones en el campamento.<\/p>\n","protected":false},"excerpt":{"rendered":"<p>Hasta el jueves 25 de agosto, las calles del Casco Hist\u00f3rico regresan a la Edad Media con exhibiciones y espect\u00e1culos abiertos a todo el p\u00fablico. El Mercado de las Tres Culturas: Esto, las calles del Casco Hist\u00f3rico de Jaca regresan a la Edad Media con 100 puestos y 200 espect\u00e1culos. Mercado de las Tres Culturas [&hellip;]<\/p>\n","protected":false},"author":1,"featured_media":8543,"comment_status":"open","ping_status":"closed","sticky":false,"template":"","format":"standard","meta":{"footnotes":""},"categories":[4,5],"tags":[],"class_list":["post-8541","post","type-post","status-publish","format-standard","has-post-thumbnail","hentry","category-espectaculos","category-internacional"],"_links":{"self":[{"href":"https:\/\/podernacional.com\/index.php?rest_route=\/wp\/v2\/posts\/8541","targetHints":{"allow":["GET"]}}],"collection":[{"href":"https:\/\/podernacional.com\/index.php?rest_route=\/wp\/v2\/posts"}],"about":[{"href":"https:\/\/podernacional.com\/index.php?rest_route=\/wp\/v2\/types\/post"}],"author":[{"embeddable":true,"href":"https:\/\/podernacional.com\/index.php?rest_route=\/wp\/v2\/users\/1"}],"replies":[{"embeddable":true,"href":"https:\/\/podernacional.com\/index.php?rest_route=%2Fwp%2Fv2%2Fcomments&post=8541"}],"version-history":[{"count":1,"href":"https:\/\/podernacional.com\/index.php?rest_route=\/wp\/v2\/posts\/8541\/revisions"}],"predecessor-version":[{"id":8542,"href":"https:\/\/podernacional.com\/index.php?rest_route=\/wp\/v2\/posts\/8541\/revisions\/8542"}],"wp:featuredmedia":[{"embeddable":true,"href":"https:\/\/podernacional.com\/index.php?rest_route=\/wp\/v2\/media\/8543"}],"wp:attachment":[{"href":"https:\/\/podernacional.com\/index.php?rest_route=%2Fwp%2Fv2%2Fmedia&parent=8541"}],"wp:term":[{"taxonomy":"category","embeddable":true,"href":"https:\/\/podernacional.com\/index.php?rest_route=%2Fwp%2Fv2%2Fcategories&post=8541"},{"taxonomy":"post_tag","embeddable":true,"href":"https:\/\/podernacional.com\/index.php?rest_route=%2Fwp%2Fv2%2Ftags&post=8541"}],"curies":[{"name":"wp","href":"https:\/\/api.w.org\/{rel}","templated":true}]}}