{"id":8544,"date":"2022-08-23T20:34:42","date_gmt":"2022-08-24T01:34:42","guid":{"rendered":"https:\/\/podernacional.com\/?p=8544"},"modified":"2022-08-24T01:34:44","modified_gmt":"2022-08-24T01:34:44","slug":"inicia-ciclo-internacional-de-charlas-innova-emprende","status":"publish","type":"post","link":"https:\/\/podernacional.com\/?p=8544","title":{"rendered":"Inicia ciclo internacional de Charlas Innova-Emprende"},"content":{"rendered":"<h4>Francois de la Chevalerie, ciudadano franco-belga, con 30 a\u00f1os de experiencia en innovaci\u00f3n y emprendimiento, dict\u00f3 la charla:<\/h4>\n<p>Ciclo internacional : \u201cEmprendiendo sin fronteras\u201d.<\/p>\n<p>Este martes (23), en formato h\u00edbrido, el Dr. Christian Jorge Torres Ortiz Zerme\u00f1o, Rector de la Universidad de Colima.<\/p>\n<p>Ademas de que\u00a0inaugur\u00f3 el Ciclo Internacional de \u201cCharlas Innova Emprende\u201d.<\/p>\n<p>Lo cual\u00a0organiza la Direcci\u00f3n General de Innovaci\u00f3n y Cultura Emprendedora de esta Casa de Estudios.<\/p>\n<p>Con esto se tiene como objetivo fomentar en la comunidad universitaria y la sociedad en general.<\/p>\n<p>As\u00ed como\u00a0la cultura de innovaci\u00f3n y emprendimiento como una forma de vida.<\/p>\n<p>El ciclo se realizar\u00e1 los martes y jueves de agosto y septiembre a trav\u00e9s de una serie de Webinars con empresarios.<\/p>\n<p>Ademas de\u00a0consultores nacionales e internacionales.<\/p>\n<p>Esto quienes mediante su conocimiento y experiencia permitir\u00e1n a las y los participantes desarrollar una visi\u00f3n m\u00e1s completa.<\/p>\n<h4>Con el objetivo\u00a0para crear mejores organizaciones, con responsabilidad social en el mundo y de frente a la nueva normalidad.<\/h4>\n<p>En su intervenci\u00f3n, el Rector agradeci\u00f3 la participaci\u00f3n de pr\u00e1cticamente toda la estructura institucional.<\/p>\n<p>Lo cual es para llevar a cabo estas charlas sobre innovaci\u00f3n y emprendimiento.<\/p>\n<p>Esto como \u201ctema fundamental en nuestra instituci\u00f3n considerando su vocaci\u00f3n, su raz\u00f3n de ser, que es algo que dar\u00e1 un futuro laboral a nuestros estudiantes.<\/p>\n<p>Espero que al final de mi gesti\u00f3n rectoral, la innovaci\u00f3n y el emprendimiento est\u00e9n afianzados en la Universidad de Colima.<\/p>\n<p>Que con sus trabajadores, docentes, funcionarios, y particularmente con nuestros estudiantes\u201d.<\/p>\n<p>Por \u00faltimo, agradeci\u00f3 al primer ponente, Francois de la Chevalerie:<\/p>\n<p>\u201cPor fortalecer en las y los universitarios la generaci\u00f3n de una cultura de innovaci\u00f3n y emprendimiento con un enfoque no s\u00f3lo local-regional, sino internacional\u201d.<\/p>\n<p>Fernando S\u00e1nchez C\u00e1rdenas, director general de Innovaci\u00f3n y Cultura Emprendedora destac\u00f3 el trabajo que realiza su dependencia:<\/p>\n<p>\u201cPara llevar la cultura de la innovaci\u00f3n a todos los espacios universitarios\u201d.<\/p>\n<p>\u201cAs\u00ed como la estrecha colaboraci\u00f3n con el Gobierno del estado y las c\u00e1maras empresariales.<\/p>\n","protected":false},"excerpt":{"rendered":"<p>Francois de la Chevalerie, ciudadano franco-belga, con 30 a\u00f1os de experiencia en innovaci\u00f3n y emprendimiento, dict\u00f3 la charla: Ciclo internacional : \u201cEmprendiendo sin fronteras\u201d. Este martes (23), en formato h\u00edbrido, el Dr. Christian Jorge Torres Ortiz Zerme\u00f1o, Rector de la Universidad de Colima. Ademas de que\u00a0inaugur\u00f3 el Ciclo Internacional de \u201cCharlas Innova Emprende\u201d. Lo cual\u00a0organiza [&hellip;]<\/p>\n","protected":false},"author":1,"featured_media":8546,"comment_status":"open","ping_status":"closed","sticky":false,"template":"","format":"standard","meta":{"footnotes":""},"categories":[2,4,5],"tags":[],"class_list":["post-8544","post","type-post","status-publish","format-standard","has-post-thumbnail","hentry","category-cultural","category-espectaculos","category-internacional"],"_links":{"self":[{"href":"https:\/\/podernacional.com\/index.php?rest_route=\/wp\/v2\/posts\/8544","targetHints":{"allow":["GET"]}}],"collection":[{"href":"https:\/\/podernacional.com\/index.php?rest_route=\/wp\/v2\/posts"}],"about":[{"href":"https:\/\/podernacional.com\/index.php?rest_route=\/wp\/v2\/types\/post"}],"author":[{"embeddable":true,"href":"https:\/\/podernacional.com\/index.php?rest_route=\/wp\/v2\/users\/1"}],"replies":[{"embeddable":true,"href":"https:\/\/podernacional.com\/index.php?rest_route=%2Fwp%2Fv2%2Fcomments&post=8544"}],"version-history":[{"count":1,"href":"https:\/\/podernacional.com\/index.php?rest_route=\/wp\/v2\/posts\/8544\/revisions"}],"predecessor-version":[{"id":8545,"href":"https:\/\/podernacional.com\/index.php?rest_route=\/wp\/v2\/posts\/8544\/revisions\/8545"}],"wp:featuredmedia":[{"embeddable":true,"href":"https:\/\/podernacional.com\/index.php?rest_route=\/wp\/v2\/media\/8546"}],"wp:attachment":[{"href":"https:\/\/podernacional.com\/index.php?rest_route=%2Fwp%2Fv2%2Fmedia&parent=8544"}],"wp:term":[{"taxonomy":"category","embeddable":true,"href":"https:\/\/podernacional.com\/index.php?rest_route=%2Fwp%2Fv2%2Fcategories&post=8544"},{"taxonomy":"post_tag","embeddable":true,"href":"https:\/\/podernacional.com\/index.php?rest_route=%2Fwp%2Fv2%2Ftags&post=8544"}],"curies":[{"name":"wp","href":"https:\/\/api.w.org\/{rel}","templated":true}]}}