{"id":8559,"date":"2022-08-23T21:19:30","date_gmt":"2022-08-24T02:19:30","guid":{"rendered":"https:\/\/podernacional.com\/?p=8559"},"modified":"2022-08-24T02:19:31","modified_gmt":"2022-08-24T02:19:31","slug":"salud-no-descarta-repunte-de-covid-19-en-temporada-de-frio","status":"publish","type":"post","link":"https:\/\/podernacional.com\/?p=8559","title":{"rendered":"Salud no descarta repunte de Covid-19 en temporada de fr\u00edo"},"content":{"rendered":"<h4>Crece en norte de M\u00e9xico consumo de fentanilo, la droga que es 50 veces m\u00e1s fuerte que la hero\u00edna.<\/h4>\n<p>Temporada de fr\u00edo: El subsecretario de Prevenci\u00f3n y Promoci\u00f3n de la Salud,<a href=\"https:\/\/twitter.com\/HLGatell\"> Hugo L\u00f3pez-Gatell<\/a>.<\/p>\n<p>Ademas que no descart\u00f3 que para la temporada de fr\u00edo, que inicia en octubre, ocurra un repunte de Covid-19 en el pa\u00eds.<\/p>\n<p>En conferencia de prensa matutina, el funcionario destac\u00f3 que los casos de Covid-19 suman seis semanas consecutivas de descenso.<\/p>\n<p>\u00abUna tendencia que se est\u00e1 configurando en el mundo es donde ya empiezan a existir olas que pudieran sincronizarse con las temporadas de fr\u00edo\u201d.<\/p>\n<h4>\u201cAl tiempo que persisten unos pa\u00edses, como es el caso nuestro, donde todav\u00eda tenemos olas fuera de la temporada de fr\u00edo\u00bb, expuso.<\/h4>\n<p>\u00abEs decir, no descartamos que en octubre, noviembre y diciembre pudiera haber un repunte de nueva cuenta\u201d.<\/p>\n<p>\u201cQue signifique el establecimiento de un patr\u00f3n m\u00e1s regular en las estaciones de fr\u00edo\u00bb, explic\u00f3 el subsecretario.<\/p>\n<p>En tanto, L\u00f3pez-Gatell detall\u00f3 que la vacunaci\u00f3n de ni\u00f1os entre cinco a 11 a\u00f1os tiene un avance de 42%.<\/p>\n<p>Sobre la reciente ola que se dio en el pa\u00eds, L\u00f3pez-Gatell detall\u00f3 que se han registrado seis semanas con la reducci\u00f3n en el n\u00famero de casos diarios.<\/p>\n<p>Ademas que llegando a niveles por debajo que los que se presentaron en el punto m\u00e1ximo de la primera ola.<\/p>\n<p>\u201cQue fue en la que tuvimos la menor cantidad de casos, ya estamos nuevamente hacia un punto de receso\u201d.<\/p>\n<p>As\u00ed, la ocupaci\u00f3n hospitalaria ha reducido hasta seis por ciento en camas generales y dos por ciento en las de ventilador (atenci\u00f3n intensiva).<\/p>\n<p>Al igual que el n\u00famero de decesos a causa de esta enfermedad ha bajado, se\u00f1al\u00f3.<\/p>\n<p>&nbsp;<\/p>\n","protected":false},"excerpt":{"rendered":"<p>Crece en norte de M\u00e9xico consumo de fentanilo, la droga que es 50 veces m\u00e1s fuerte que la hero\u00edna. Temporada de fr\u00edo: El subsecretario de Prevenci\u00f3n y Promoci\u00f3n de la Salud, Hugo L\u00f3pez-Gatell. Ademas que no descart\u00f3 que para la temporada de fr\u00edo, que inicia en octubre, ocurra un repunte de Covid-19 en el pa\u00eds. [&hellip;]<\/p>\n","protected":false},"author":1,"featured_media":8561,"comment_status":"open","ping_status":"closed","sticky":false,"template":"","format":"standard","meta":{"footnotes":""},"categories":[7,11],"tags":[],"class_list":["post-8559","post","type-post","status-publish","format-standard","has-post-thumbnail","hentry","category-nacional","category-salud"],"_links":{"self":[{"href":"https:\/\/podernacional.com\/index.php?rest_route=\/wp\/v2\/posts\/8559","targetHints":{"allow":["GET"]}}],"collection":[{"href":"https:\/\/podernacional.com\/index.php?rest_route=\/wp\/v2\/posts"}],"about":[{"href":"https:\/\/podernacional.com\/index.php?rest_route=\/wp\/v2\/types\/post"}],"author":[{"embeddable":true,"href":"https:\/\/podernacional.com\/index.php?rest_route=\/wp\/v2\/users\/1"}],"replies":[{"embeddable":true,"href":"https:\/\/podernacional.com\/index.php?rest_route=%2Fwp%2Fv2%2Fcomments&post=8559"}],"version-history":[{"count":1,"href":"https:\/\/podernacional.com\/index.php?rest_route=\/wp\/v2\/posts\/8559\/revisions"}],"predecessor-version":[{"id":8560,"href":"https:\/\/podernacional.com\/index.php?rest_route=\/wp\/v2\/posts\/8559\/revisions\/8560"}],"wp:featuredmedia":[{"embeddable":true,"href":"https:\/\/podernacional.com\/index.php?rest_route=\/wp\/v2\/media\/8561"}],"wp:attachment":[{"href":"https:\/\/podernacional.com\/index.php?rest_route=%2Fwp%2Fv2%2Fmedia&parent=8559"}],"wp:term":[{"taxonomy":"category","embeddable":true,"href":"https:\/\/podernacional.com\/index.php?rest_route=%2Fwp%2Fv2%2Fcategories&post=8559"},{"taxonomy":"post_tag","embeddable":true,"href":"https:\/\/podernacional.com\/index.php?rest_route=%2Fwp%2Fv2%2Ftags&post=8559"}],"curies":[{"name":"wp","href":"https:\/\/api.w.org\/{rel}","templated":true}]}}