{"id":8565,"date":"2022-08-24T20:56:37","date_gmt":"2022-08-25T01:56:37","guid":{"rendered":"https:\/\/podernacional.com\/?p=8565"},"modified":"2022-08-25T01:56:39","modified_gmt":"2022-08-25T01:56:39","slug":"sexto-festival-de-las-carnitas-en-san-francisco-de-los-romo","status":"publish","type":"post","link":"https:\/\/podernacional.com\/?p=8565","title":{"rendered":"\u00a0Sexto Festival de las Carnitas, en San Francisco de los Romo"},"content":{"rendered":"<h4>Adem\u00e1s de las deliciosas carnitas y chicharrones que podr\u00e1n ser degustados.<\/h4>\n<p>Festival de las Carnitas: As\u00ed como de los asistentes tambi\u00e9n podr\u00e1n disfrutar de una serie de actividades art\u00edsticas y culturales que se han preparado especialmente para esta ocasi\u00f3n.<\/p>\n<p>Ya est\u00e1 listo el programa de actividades del Sexto Festival de las Carnitas, a realizarse los d\u00edas 27 y 28 de agosto.<\/p>\n<p>En el municipio de San Francisco de los Romo, mejor conocido como San Pancho.<\/p>\n<p>Adem\u00e1s de las deliciosas carnitas y chicharrones que podr\u00e1n ser degustados.<\/p>\n<p>Con esto tambi\u00e9n los asistentes podr\u00e1n disfrutar de una serie de actividades art\u00edsticas y culturales que se han preparado especialmente para esta ocasi\u00f3n.<\/p>\n<p>Asimismo, es necesario resaltar el hecho de que el municipio de San Francisco de los Romo.<\/p>\n<p>El cual est\u00e1 organizando este evento en el marco del fin de semana de las Fiestas de la Vendimia de la Ruta del Vino 2022.<\/p>\n<p>Con la finalidad de ofrecer m\u00e1s opciones gastron\u00f3micas a quienes se dirijan a alguno de los vi\u00f1edos que se ubican en el norte del estado.<\/p>\n<p>Las actividades contempladas son las siguientes:<\/p>\n<h4>S\u00e1bado 27 de agosto<\/h4>\n<p>15:30 horas, Inauguraci\u00f3n del Sexto Festival de las Carnitas y presentaci\u00f3n del Ballet Rinc\u00f3n de Romos \u201cGente Buena\u201d, Andador Gastron\u00f3mico (Av. Benito Ju\u00e1rez).<\/p>\n<p>16:00 horas, Degustaci\u00f3n de Carnitas y Chicharrones, Andador Gastron\u00f3mico, con el acompa\u00f1amiento del Tamborazo Azteca.<\/p>\n<p>17:00 horas, Grupo de Danza Polit\u00e9cnica de Aguascalientes, Foro Cultural.<\/p>\n<p>18:00-20:00 horas, Grupo INDIGO, Foro Cultural.<\/p>\n<h4>Domingo 28 de agosto<\/h4>\n<p>15:00 horas, Grupo de Danza \u00c1rabe Aleridani\u00b4s, Foro Cultural.<\/p>\n<p>16:00 horas, Degustaci\u00f3n de Carnitas y Chicharrones, y presentaci\u00f3n de la Compa\u00f1\u00eda Estatal de Danza de la UAA, Foro Cultural.<\/p>\n<p>17:00 horas, Escuela de Danza Pro Arte, Foro Cultural.<\/p>\n<p>18:00 horas, Ballet Folcl\u00f3rico Municipal Izkaltekatl de Pabell\u00f3n de Arteaga<\/p>\n<p>19:00 horas, Presentaci\u00f3n del cantante Ray Raygoza<\/p>\n<p>20:00 horas, Clausura del festival y presentaci\u00f3n del grupo Los Cl\u00e1sicos.<\/p>\n","protected":false},"excerpt":{"rendered":"<p>Adem\u00e1s de las deliciosas carnitas y chicharrones que podr\u00e1n ser degustados. Festival de las Carnitas: As\u00ed como de los asistentes tambi\u00e9n podr\u00e1n disfrutar de una serie de actividades art\u00edsticas y culturales que se han preparado especialmente para esta ocasi\u00f3n. Ya est\u00e1 listo el programa de actividades del Sexto Festival de las Carnitas, a realizarse los [&hellip;]<\/p>\n","protected":false},"author":1,"featured_media":8567,"comment_status":"open","ping_status":"closed","sticky":false,"template":"","format":"standard","meta":{"footnotes":""},"categories":[2,7],"tags":[],"class_list":["post-8565","post","type-post","status-publish","format-standard","has-post-thumbnail","hentry","category-cultural","category-nacional"],"_links":{"self":[{"href":"https:\/\/podernacional.com\/index.php?rest_route=\/wp\/v2\/posts\/8565","targetHints":{"allow":["GET"]}}],"collection":[{"href":"https:\/\/podernacional.com\/index.php?rest_route=\/wp\/v2\/posts"}],"about":[{"href":"https:\/\/podernacional.com\/index.php?rest_route=\/wp\/v2\/types\/post"}],"author":[{"embeddable":true,"href":"https:\/\/podernacional.com\/index.php?rest_route=\/wp\/v2\/users\/1"}],"replies":[{"embeddable":true,"href":"https:\/\/podernacional.com\/index.php?rest_route=%2Fwp%2Fv2%2Fcomments&post=8565"}],"version-history":[{"count":1,"href":"https:\/\/podernacional.com\/index.php?rest_route=\/wp\/v2\/posts\/8565\/revisions"}],"predecessor-version":[{"id":8566,"href":"https:\/\/podernacional.com\/index.php?rest_route=\/wp\/v2\/posts\/8565\/revisions\/8566"}],"wp:featuredmedia":[{"embeddable":true,"href":"https:\/\/podernacional.com\/index.php?rest_route=\/wp\/v2\/media\/8567"}],"wp:attachment":[{"href":"https:\/\/podernacional.com\/index.php?rest_route=%2Fwp%2Fv2%2Fmedia&parent=8565"}],"wp:term":[{"taxonomy":"category","embeddable":true,"href":"https:\/\/podernacional.com\/index.php?rest_route=%2Fwp%2Fv2%2Fcategories&post=8565"},{"taxonomy":"post_tag","embeddable":true,"href":"https:\/\/podernacional.com\/index.php?rest_route=%2Fwp%2Fv2%2Ftags&post=8565"}],"curies":[{"name":"wp","href":"https:\/\/api.w.org\/{rel}","templated":true}]}}