{"id":8571,"date":"2022-08-24T21:05:31","date_gmt":"2022-08-25T02:05:31","guid":{"rendered":"https:\/\/podernacional.com\/?p=8571"},"modified":"2022-08-25T02:05:33","modified_gmt":"2022-08-25T02:05:33","slug":"queretaro-experimental-llega-a-su-fin-con-espectaculos-todo-el-fin-de-semana","status":"publish","type":"post","link":"https:\/\/podernacional.com\/?p=8571","title":{"rendered":"Quer\u00e9taro Experimental llega a su fin con espect\u00e1culos todo el fin de semana"},"content":{"rendered":"<h4>Se llegar\u00e1 a una asistencia superior a los 160 mil espectadores y una derrama econ\u00f3mica de m\u00e1s de 160 millones de pesos.<\/h4>\n<p>Quer\u00e9taro: Con motivo del \u00faltimo fin de semana del Festival Quer\u00e9taro Experimental, el Municipio de Quer\u00e9taro.<\/p>\n<p>A trav\u00e9s de la Secretar\u00eda de Turismo y la Secretar\u00eda de Cultura, anunciaron que el festival.<\/p>\n<p>El cual se extender\u00e1 a los d\u00edas viernes 26, s\u00e1bado 27 y domingo 28.<\/p>\n<p>Con eventos familiares, atractivos visualmente y de calidad internacional, dignos de la ciudad que queremos.<\/p>\n<p>Mar\u00eda Teresa Garc\u00eda Besn\u00e9, Secretaria de Cultura, coment\u00f3 que el Festival Quer\u00e9taro Experimental ha logrado atraer p\u00fablico local, nacional e internacional.<\/p>\n<h4>Lo que ha revitalizado los espacios p\u00fablicos del Centro Hist\u00f3rico con sus 151 presentaciones en las que han participado un 19% de artistas internacionales.<\/h4>\n<p>As\u00ed como un 17 por ciento de talento nacional y un 64 por ciento de artistas locales.<\/p>\n<p>Tambi\u00e9n adelant\u00f3 que despu\u00e9s de este pr\u00f3ximo fin de semana, se superar\u00e1 una asistencia de m\u00e1s de 160 mil personas.<\/p>\n<p>Ademas que se lograr\u00e1 una derrama econ\u00f3mica de m\u00e1s de 190 millones de pesos.<\/p>\n<p>Por su parte, Alejandra Iturbe Rosas, Secretaria de Turismo Municipal.<\/p>\n<p>Con eso se invit\u00f3 a las familias a asistir este \u00faltimo fin de semana.<\/p>\n<p>En el que se presentar\u00e1 el grupo argentino \u201cNaci\u00f3n Ekeko\u201d en Plaza Corregidora.<\/p>\n<p>Lugar donde se montar\u00e1 un domo gigante para realizar el concierto con una experiencia 360 grados.<\/p>\n<p>Las funciones ser\u00e1n el viernes, s\u00e1bado y domingo, con aforo limitado.<\/p>\n<p>Ademas que los asistentes podr\u00e1n solicitar los boletos media hora antes del inicio de la sesi\u00f3n.<\/p>\n<p>Agreg\u00f3 que el viernes habr\u00e1 un desfile con la compa\u00f1\u00eda de teatro Theather Tol de B\u00e9lgica.<\/p>\n<p>Con la funci\u00f3n Bike Parade, la cual sale del jard\u00edn Zenea a las 20:00 horas y llega Plaza Fundadores.<\/p>\n<p>Para el s\u00e1bado, adem\u00e1s de las presentaciones de Naci\u00f3n Ekeko, se presentar\u00e1 a las 19:00 horas el bailar\u00edn mexicano Diego Vega Solorza.<\/p>\n<h4>Con la funci\u00f3n \u201cDestellos\u201d en el Teatro de la ciudad.<\/h4>\n<p>A la misma hora se presentar\u00e1 el pasacalles Bestiario de la Luna de la Compa\u00f1\u00eda Zoorreal, que saldr\u00e1 del Jard\u00edn Zenea.<\/p>\n<p>Y a las 20:00 horas se llevar\u00e1 a cabo la funci\u00f3n de teatro a\u00e9reo Pedaleando.<\/p>\n<p>Con esto, hacia el cielo de la Compa\u00f1\u00eda Theather Tol de B\u00e9lgica, en Plaza Fundadores.<\/p>\n<p>Ademas que para cerrar se presentar\u00e1 el grupo musical Antibalas, de Estados Unidos.<\/p>\n<p>Las Secretarias de Cultura y Turismo detallaron que antes y durante el Festival Experimental.<\/p>\n<p>Se procur\u00f3 el dialogo con l@s vecinos del Centro Hist\u00f3rico con la finalidad de causar las menores molestias a los habitantes de la zona.<\/p>\n<p>Atendiendo con prontitud sus peticiones como fueron:<\/p>\n<p>La colocaci\u00f3n de ba\u00f1os p\u00fablicos, mantener la m\u00fasica con los decibeles permitidos, y procurar los menos posibles cierres de calles.<\/p>\n","protected":false},"excerpt":{"rendered":"<p>Se llegar\u00e1 a una asistencia superior a los 160 mil espectadores y una derrama econ\u00f3mica de m\u00e1s de 160 millones de pesos. Quer\u00e9taro: Con motivo del \u00faltimo fin de semana del Festival Quer\u00e9taro Experimental, el Municipio de Quer\u00e9taro. A trav\u00e9s de la Secretar\u00eda de Turismo y la Secretar\u00eda de Cultura, anunciaron que el festival. El [&hellip;]<\/p>\n","protected":false},"author":1,"featured_media":8573,"comment_status":"open","ping_status":"closed","sticky":false,"template":"","format":"standard","meta":{"footnotes":""},"categories":[4,7],"tags":[],"class_list":["post-8571","post","type-post","status-publish","format-standard","has-post-thumbnail","hentry","category-espectaculos","category-nacional"],"_links":{"self":[{"href":"https:\/\/podernacional.com\/index.php?rest_route=\/wp\/v2\/posts\/8571","targetHints":{"allow":["GET"]}}],"collection":[{"href":"https:\/\/podernacional.com\/index.php?rest_route=\/wp\/v2\/posts"}],"about":[{"href":"https:\/\/podernacional.com\/index.php?rest_route=\/wp\/v2\/types\/post"}],"author":[{"embeddable":true,"href":"https:\/\/podernacional.com\/index.php?rest_route=\/wp\/v2\/users\/1"}],"replies":[{"embeddable":true,"href":"https:\/\/podernacional.com\/index.php?rest_route=%2Fwp%2Fv2%2Fcomments&post=8571"}],"version-history":[{"count":1,"href":"https:\/\/podernacional.com\/index.php?rest_route=\/wp\/v2\/posts\/8571\/revisions"}],"predecessor-version":[{"id":8572,"href":"https:\/\/podernacional.com\/index.php?rest_route=\/wp\/v2\/posts\/8571\/revisions\/8572"}],"wp:featuredmedia":[{"embeddable":true,"href":"https:\/\/podernacional.com\/index.php?rest_route=\/wp\/v2\/media\/8573"}],"wp:attachment":[{"href":"https:\/\/podernacional.com\/index.php?rest_route=%2Fwp%2Fv2%2Fmedia&parent=8571"}],"wp:term":[{"taxonomy":"category","embeddable":true,"href":"https:\/\/podernacional.com\/index.php?rest_route=%2Fwp%2Fv2%2Fcategories&post=8571"},{"taxonomy":"post_tag","embeddable":true,"href":"https:\/\/podernacional.com\/index.php?rest_route=%2Fwp%2Fv2%2Ftags&post=8571"}],"curies":[{"name":"wp","href":"https:\/\/api.w.org\/{rel}","templated":true}]}}