{"id":8574,"date":"2022-08-24T21:12:05","date_gmt":"2022-08-25T02:12:05","guid":{"rendered":"https:\/\/podernacional.com\/?p=8574"},"modified":"2022-08-25T02:12:07","modified_gmt":"2022-08-25T02:12:07","slug":"tamaulipas-proxima-sede-del-5to-congreso-internacional-de-turismo-inclusivo","status":"publish","type":"post","link":"https:\/\/podernacional.com\/?p=8574","title":{"rendered":"TAMAULIPAS, PR\u00d3XIMA SEDE DEL 5TO. CONGRESO INTERNACIONAL DE TURISMO INCLUSIVO"},"content":{"rendered":"<h4>Destacando la importancia que representa para Tamaulipas la inclusi\u00f3n dentro de la actividad tur\u00edstica.<\/h4>\n<p>Tamaulipas: Con esto, se anunci\u00f3 la pr\u00f3xima realizaci\u00f3n en Tampico del 5to. Congreso Internacional de Turismo Inclusivo, los d\u00edas 13 y 14 de septiembre.<\/p>\n<p>Lo anterior fue dado a conocer en rueda de prensa por el secretario de Turismo de Tamaulipas, Fernando Olivera Rocha.<\/p>\n<p>Ademas que dentro del IBTM Americas 2022.<\/p>\n<p>Se\u00f1alando que el congreso cuenta con el aval de organizaciones internacionales como la Red Iberoamericana de Turismo Accesible (RITURACCES).<\/p>\n<p>Igualmente la Red Mexicana de Turismo Inclusivo (REDMEXTI).<\/p>\n<p>\u201cDebemos promover la inclusi\u00f3n, que importante es que el turismo tenga esa equidad en todos los sentidos, ese bienestar para todas y todos\u201d.<\/p>\n<h4>\u201cQue vayamos sensibilizando a los prestadores de servicios y a los mismos turistas en esta materia\u201d.<\/h4>\n<p>\u201cEntendamos que hoy el turismo no se puede ver de otra manera sino que es sostenible, solidario e inclusivo\u201c, expres\u00f3 el secretario Olivera Rocha.<\/p>\n<p>Agradeciendo la oportunidad de que en Tamaulipas se realice este congreso internacional.<\/p>\n<p>Con esto, Jos\u00e9 Grimaldo Colmenero, director del Instituto Guanajuatense para las personas con Discapacidad.<\/p>\n<p>As\u00ed como del presidente de la Red Mexicana de Turismo Inclusivo.<\/p>\n<p>Ademas que detall\u00f3 parte del programa a realizarse, como la participaci\u00f3n de expertos de Argentina, Per\u00fa, Chile y Espa\u00f1a.<\/p>\n<h4>Con esto, esperando tener un aforo inicial cercano a los 200 participantes.<\/h4>\n<p>Como parte de las actividades que conformar\u00e1n el congreso se brindar\u00e1n conferencias magistrales como:<\/p>\n<p>\u201cReactivaci\u00f3n econ\u00f3mica del Turismo Inclusivo en el mundo\u201d \u201cTurismo en Tamaulipas\u201d y \u201cYo tambi\u00e9n viajo\u201d.<\/p>\n<p>Destacando tambi\u00e9n los paneles de trabajo \u201cProtocolos de atenci\u00f3n para personas con discapacidad\u201d, \u201cLas TIC\u00b4s al servicio del Turismo Inclusivo\u201d y \u201cAudio descripci\u00f3n tur\u00edstica\u201d.<\/p>\n<p>Las personas que se encuentren interesadas en participar, deber\u00e1n de contactar las redes sociales de la Red Mexicana de Turismo Inclusivo.<\/p>\n<p>Para que conozcan la forma en que pueden inscribirse y disfrutar del congreso y de su estancia en la zona sur de Tamaulipas.<\/p>\n","protected":false},"excerpt":{"rendered":"<p>Destacando la importancia que representa para Tamaulipas la inclusi\u00f3n dentro de la actividad tur\u00edstica. Tamaulipas: Con esto, se anunci\u00f3 la pr\u00f3xima realizaci\u00f3n en Tampico del 5to. Congreso Internacional de Turismo Inclusivo, los d\u00edas 13 y 14 de septiembre. Lo anterior fue dado a conocer en rueda de prensa por el secretario de Turismo de Tamaulipas, [&hellip;]<\/p>\n","protected":false},"author":1,"featured_media":8576,"comment_status":"open","ping_status":"closed","sticky":false,"template":"","format":"standard","meta":{"footnotes":""},"categories":[5,7,9],"tags":[],"class_list":["post-8574","post","type-post","status-publish","format-standard","has-post-thumbnail","hentry","category-internacional","category-nacional","category-politica"],"_links":{"self":[{"href":"https:\/\/podernacional.com\/index.php?rest_route=\/wp\/v2\/posts\/8574","targetHints":{"allow":["GET"]}}],"collection":[{"href":"https:\/\/podernacional.com\/index.php?rest_route=\/wp\/v2\/posts"}],"about":[{"href":"https:\/\/podernacional.com\/index.php?rest_route=\/wp\/v2\/types\/post"}],"author":[{"embeddable":true,"href":"https:\/\/podernacional.com\/index.php?rest_route=\/wp\/v2\/users\/1"}],"replies":[{"embeddable":true,"href":"https:\/\/podernacional.com\/index.php?rest_route=%2Fwp%2Fv2%2Fcomments&post=8574"}],"version-history":[{"count":1,"href":"https:\/\/podernacional.com\/index.php?rest_route=\/wp\/v2\/posts\/8574\/revisions"}],"predecessor-version":[{"id":8575,"href":"https:\/\/podernacional.com\/index.php?rest_route=\/wp\/v2\/posts\/8574\/revisions\/8575"}],"wp:featuredmedia":[{"embeddable":true,"href":"https:\/\/podernacional.com\/index.php?rest_route=\/wp\/v2\/media\/8576"}],"wp:attachment":[{"href":"https:\/\/podernacional.com\/index.php?rest_route=%2Fwp%2Fv2%2Fmedia&parent=8574"}],"wp:term":[{"taxonomy":"category","embeddable":true,"href":"https:\/\/podernacional.com\/index.php?rest_route=%2Fwp%2Fv2%2Fcategories&post=8574"},{"taxonomy":"post_tag","embeddable":true,"href":"https:\/\/podernacional.com\/index.php?rest_route=%2Fwp%2Fv2%2Ftags&post=8574"}],"curies":[{"name":"wp","href":"https:\/\/api.w.org\/{rel}","templated":true}]}}