{"id":8580,"date":"2022-08-24T21:23:15","date_gmt":"2022-08-25T02:23:15","guid":{"rendered":"https:\/\/podernacional.com\/?p=8580"},"modified":"2022-08-25T02:23:16","modified_gmt":"2022-08-25T02:23:16","slug":"capacita-cecytez-a-personal-de-nuevo-ingreso","status":"publish","type":"post","link":"https:\/\/podernacional.com\/?p=8580","title":{"rendered":"Capacita Cecytez a personal de nuevo ingreso"},"content":{"rendered":"<h4>El Colegio de Estudios Cient\u00edficos y Tecnol\u00f3gicos del Estado de Zacatecas (Cecytez) capacita en inducci\u00f3n al personal docente y directivo.<\/h4>\n<p>Capacita Cecytez: El cual, a trav\u00e9s de los procesos de promoci\u00f3n y admisi\u00f3n a la Educaci\u00f3n Media Superior.<\/p>\n<p>Con esto se logr\u00f3 su reciente ingreso al Subsistema Educativo que iniciar\u00e1 clases este 29 de agosto.<\/p>\n<p>En atenci\u00f3n a la encomienda del Gobernador David Monreal \u00c1vila de priorizar a las y los j\u00f3venes.<\/p>\n<p>Con esto de garantizarles una educaci\u00f3n de calidad, por primera vez, el personal educativo que ingresa al Cecytez.<\/p>\n<p>El cual, recibe una instrucci\u00f3n que les permita conocer los planes y programas que forman parte de la administraci\u00f3n y gesti\u00f3n educativa.<\/p>\n<p>As\u00ed como del marco jur\u00eddico del mismo, inform\u00f3 Julio C\u00e9sar Ortiz Fuentes, director general de la instituci\u00f3n.<\/p>\n<h4>Se\u00f1al\u00f3 que, en el transcurso de una semana y de cara al inicio del ciclo escolar 2022\u20132023.<\/h4>\n<p>Ademas que el personal de nuevo ingreso recibir\u00e1 instrucci\u00f3n en temas como la elaboraci\u00f3n de secuencias did\u00e1cticas e instrumentos de:<\/p>\n<p>Evaluaci\u00f3n, an\u00e1lisis estad\u00edsticos y evaluaci\u00f3n del aprendizaje, tutor\u00edas, perspectiva de g\u00e9nero, derechos humanos.<\/p>\n<p>Ademas que el C\u00f3digo de \u00c9tica del Gobierno de Zacatecas, uno de los puntos angulares en esta nueva gobernanza.<\/p>\n<p>A diferencia de administraciones anteriores, dijo Ortiz Fuentes, donde los docentes llegaban a las aulas sin conocer los programas ni los modelos educativos.<\/p>\n<p>El cual actualmente existe una preocupaci\u00f3n real por homologar las pr\u00e1cticas docentes para que el estudiantado del Cecytez.<\/p>\n<p>Ademas que se reciba la misma instrucci\u00f3n de calidad sin importar en cu\u00e1l de los planteles estudie.<\/p>\n<p>Durante el inicio de la jornada de inducci\u00f3n, estuvo presente Juan Claudio Esparza.<\/p>\n<p>Ademas que el director de Educaci\u00f3n Media Superior de la Secretar\u00eda de Educaci\u00f3n de Zacatecas (SEZ).<\/p>\n<p>Gonzalo Franco Gardu\u00f1o, rector de la Universidad Tecnol\u00f3gica de Zacatecas (Utzac).<\/p>\n<p>Lucio Mendoza Amaro, secretario general del Sindicato de Trabajadores de Cecytez y Emsad (Sitcecytez-Emsad).<\/p>\n","protected":false},"excerpt":{"rendered":"<p>El Colegio de Estudios Cient\u00edficos y Tecnol\u00f3gicos del Estado de Zacatecas (Cecytez) capacita en inducci\u00f3n al personal docente y directivo. Capacita Cecytez: El cual, a trav\u00e9s de los procesos de promoci\u00f3n y admisi\u00f3n a la Educaci\u00f3n Media Superior. Con esto se logr\u00f3 su reciente ingreso al Subsistema Educativo que iniciar\u00e1 clases este 29 de agosto. [&hellip;]<\/p>\n","protected":false},"author":1,"featured_media":8582,"comment_status":"open","ping_status":"closed","sticky":false,"template":"","format":"standard","meta":{"footnotes":""},"categories":[7,9],"tags":[],"class_list":["post-8580","post","type-post","status-publish","format-standard","has-post-thumbnail","hentry","category-nacional","category-politica"],"_links":{"self":[{"href":"https:\/\/podernacional.com\/index.php?rest_route=\/wp\/v2\/posts\/8580","targetHints":{"allow":["GET"]}}],"collection":[{"href":"https:\/\/podernacional.com\/index.php?rest_route=\/wp\/v2\/posts"}],"about":[{"href":"https:\/\/podernacional.com\/index.php?rest_route=\/wp\/v2\/types\/post"}],"author":[{"embeddable":true,"href":"https:\/\/podernacional.com\/index.php?rest_route=\/wp\/v2\/users\/1"}],"replies":[{"embeddable":true,"href":"https:\/\/podernacional.com\/index.php?rest_route=%2Fwp%2Fv2%2Fcomments&post=8580"}],"version-history":[{"count":1,"href":"https:\/\/podernacional.com\/index.php?rest_route=\/wp\/v2\/posts\/8580\/revisions"}],"predecessor-version":[{"id":8581,"href":"https:\/\/podernacional.com\/index.php?rest_route=\/wp\/v2\/posts\/8580\/revisions\/8581"}],"wp:featuredmedia":[{"embeddable":true,"href":"https:\/\/podernacional.com\/index.php?rest_route=\/wp\/v2\/media\/8582"}],"wp:attachment":[{"href":"https:\/\/podernacional.com\/index.php?rest_route=%2Fwp%2Fv2%2Fmedia&parent=8580"}],"wp:term":[{"taxonomy":"category","embeddable":true,"href":"https:\/\/podernacional.com\/index.php?rest_route=%2Fwp%2Fv2%2Fcategories&post=8580"},{"taxonomy":"post_tag","embeddable":true,"href":"https:\/\/podernacional.com\/index.php?rest_route=%2Fwp%2Fv2%2Ftags&post=8580"}],"curies":[{"name":"wp","href":"https:\/\/api.w.org\/{rel}","templated":true}]}}