{"id":8595,"date":"2022-08-25T19:20:23","date_gmt":"2022-08-26T00:20:23","guid":{"rendered":"https:\/\/podernacional.com\/?p=8595"},"modified":"2022-08-26T00:20:25","modified_gmt":"2022-08-26T00:20:25","slug":"cozumel-analizan-uso-de-la-tecnologia-en-el-turismo-tras-la-pandemia","status":"publish","type":"post","link":"https:\/\/podernacional.com\/?p=8595","title":{"rendered":"Cozumel: Analizan uso de la tecnolog\u00eda en el turismo tras la pandemia"},"content":{"rendered":"<h4>El estado se encuentra preparado para iniciar una etapa de innovaci\u00f3n: CJ<\/h4>\n<p>Cozumel: El uso de la tecnolog\u00eda en todos los \u00e1mbitos se dispar\u00f3 tras la pandemia del Covid-19, y el sector tur\u00edstico no fue la excepci\u00f3n.<\/p>\n<p>Ademas que\u00a0para analizar su impacto se inaugur\u00f3 en Cozumel el Primer Congreso de Turismo y Tecnolog\u00eda, World Tourism Trends Summit 2022.<\/p>\n<p>El cual\u00a0tendr\u00e1 lugar del 24 al 26 de agosto y cuya inauguraci\u00f3n oficial fue este jueves.<\/p>\n<p>Al participar en la inauguraci\u00f3n, el gobernador Carlos Joaqu\u00edn expres\u00f3 que el sector tur\u00edstico de Quintana Roo.<\/p>\n<p>Ademas que\u00a0se encuentra preparado para iniciar una etapa de innovaci\u00f3n y mostrar la belleza del Caribe Mexicano en todos los rincones del mundo.<\/p>\n<p>El titular del Ejecutivo destac\u00f3 que Quintana Roo es un estado con inmejorables ventajas competitivas.<\/p>\n<p>Las cuales\u00a0van desde el potencial natural, riqueza cultural, variedad gastron\u00f3mica y el trato amable y cordial su gente para generar competitividad a nivel mundial.<\/p>\n<p>\u201cEn nuestro estado afianzamos todos los d\u00edas nuestro liderazgo tur\u00edstico\u201d.<\/p>\n<h4>\u201cAdemas que se ve reflejado en la generaci\u00f3n de muchos empleos que necesitamos y m\u00e1s cuando tenemos tiempos dif\u00edciles\u201d.<\/h4>\n<p>\u201cPor ende\u00a0que repercuten positivamente en acciones, cuyos resultados se ven reflejados en el bienestar de las y los quintanarroenses\u201d, dijo.<\/p>\n<p>El gobernador asegur\u00f3 que con este tipo de encuentros se generan di\u00e1logos donde participan expositores nacionales e internacionales.<\/p>\n<p>Para que despiertan la necesidad de generar trabajo conjunto que refleje beneficios en el destino fortaleciendo su econom\u00eda.<\/p>\n<p>\u201cLa recuperaci\u00f3n de Quintana Roo fue y ser\u00e1 siempre una labor conjunta que s\u00f3lo es posible gracias a la visi\u00f3n emprendedora de empresarios\u201d.<\/p>\n<p>\u201cAs\u00ed como de empresarias comprometidos con el presente y el futuro, retomando el trabajo de los pioneros de la hoteler\u00eda, en nuestro estado\u00bb, expres\u00f3.<\/p>\n<p>Por su parte, Humberto Hern\u00e1ndez Haddad, subsecretario de Turismo federal.<\/p>\n<p>Con esto, reconoci\u00f3 la labor del gobierno estatal por brindar un turismo seguro a los viajeros.<\/p>\n<p>Adem\u00e1s por el trabajo constante con las c\u00e1maras empresariales.<\/p>\n<p>As\u00ed como de asociaciones para la creaci\u00f3n de estos encuentros que permiten una mejor capacitaci\u00f3n tecnol\u00f3gica de la industria.<\/p>\n<p>Margarita Carbajal, presidente de la Federaci\u00f3n de Empresarios Tur\u00edsticos (Fetur) nacional.<\/p>\n<p>Ademas que\u00a0destac\u00f3 el potencial que tiene el uso de la tecnolog\u00eda tras el impacto del Covid-19.<\/p>\n<p>Indic\u00f3 que la industria registra una notable recuperaci\u00f3n y esto se debe a las medidas implementadas por el gobierno de Carlos Joaqu\u00edn.<\/p>\n<p>Al nombrar al turismo como actividad esencial y abrirse a los mercados internacionales, lo que permiti\u00f3 la recuperaci\u00f3n de empleos.<\/p>\n<p>Ante esto, Fetur otorg\u00f3 un reconocimiento al gobernador por su liderazgo y contribuci\u00f3n a la reactivaci\u00f3n del sector tur\u00edstico.<\/p>\n<p>En el corte de list\u00f3n inaugural tambi\u00e9n se cont\u00f3 con la presencia de Juanita Alonso Marrufo, presidente municipal de Cozumel.<\/p>\n<p>Jorge Olivares Pimentel, presidente de la Federaci\u00f3n de Empresarios Tur\u00edsticos en Quintana Roo.<\/p>\n<p>Bernardo Cueto Riestra, secretario de Turismo en Quintana Roo.<\/p>\n<p>Ademas de Armando Boj\u00f3rquez Patr\u00f3n, presidente de la agrupaci\u00f3n para la Cultura y el Turismo en Am\u00e9rica Latina.<\/p>\n","protected":false},"excerpt":{"rendered":"<p>El estado se encuentra preparado para iniciar una etapa de innovaci\u00f3n: CJ Cozumel: El uso de la tecnolog\u00eda en todos los \u00e1mbitos se dispar\u00f3 tras la pandemia del Covid-19, y el sector tur\u00edstico no fue la excepci\u00f3n. Ademas que\u00a0para analizar su impacto se inaugur\u00f3 en Cozumel el Primer Congreso de Turismo y Tecnolog\u00eda, World Tourism [&hellip;]<\/p>\n","protected":false},"author":1,"featured_media":8597,"comment_status":"open","ping_status":"closed","sticky":false,"template":"","format":"standard","meta":{"footnotes":""},"categories":[6,10,13],"tags":[],"class_list":["post-8595","post","type-post","status-publish","format-standard","has-post-thumbnail","hentry","category-local","category-quintana-roo","category-tecnologia"],"_links":{"self":[{"href":"https:\/\/podernacional.com\/index.php?rest_route=\/wp\/v2\/posts\/8595","targetHints":{"allow":["GET"]}}],"collection":[{"href":"https:\/\/podernacional.com\/index.php?rest_route=\/wp\/v2\/posts"}],"about":[{"href":"https:\/\/podernacional.com\/index.php?rest_route=\/wp\/v2\/types\/post"}],"author":[{"embeddable":true,"href":"https:\/\/podernacional.com\/index.php?rest_route=\/wp\/v2\/users\/1"}],"replies":[{"embeddable":true,"href":"https:\/\/podernacional.com\/index.php?rest_route=%2Fwp%2Fv2%2Fcomments&post=8595"}],"version-history":[{"count":1,"href":"https:\/\/podernacional.com\/index.php?rest_route=\/wp\/v2\/posts\/8595\/revisions"}],"predecessor-version":[{"id":8596,"href":"https:\/\/podernacional.com\/index.php?rest_route=\/wp\/v2\/posts\/8595\/revisions\/8596"}],"wp:featuredmedia":[{"embeddable":true,"href":"https:\/\/podernacional.com\/index.php?rest_route=\/wp\/v2\/media\/8597"}],"wp:attachment":[{"href":"https:\/\/podernacional.com\/index.php?rest_route=%2Fwp%2Fv2%2Fmedia&parent=8595"}],"wp:term":[{"taxonomy":"category","embeddable":true,"href":"https:\/\/podernacional.com\/index.php?rest_route=%2Fwp%2Fv2%2Fcategories&post=8595"},{"taxonomy":"post_tag","embeddable":true,"href":"https:\/\/podernacional.com\/index.php?rest_route=%2Fwp%2Fv2%2Ftags&post=8595"}],"curies":[{"name":"wp","href":"https:\/\/api.w.org\/{rel}","templated":true}]}}