{"id":8598,"date":"2022-08-25T19:25:09","date_gmt":"2022-08-26T00:25:09","guid":{"rendered":"https:\/\/podernacional.com\/?p=8598"},"modified":"2022-08-26T00:25:11","modified_gmt":"2022-08-26T00:25:11","slug":"universidad-de-las-americas-presenta-temporada-cultural-otono-2022","status":"publish","type":"post","link":"https:\/\/podernacional.com\/?p=8598","title":{"rendered":"Universidad de las Am\u00e9ricas presenta Temporada Cultural Oto\u00f1o 2022"},"content":{"rendered":"<h4>M\u00e1s de 12 eventos presenciales y actividades virtuales de m\u00fasica, danza, teatro, pintura, encabezados por maestros y alumnos.<\/h4>\n<p>Universidad de las Am\u00e9ricas : Ademas que tendr\u00e1n lugar en el campus Puebla entre septiembre y diciembre.<\/p>\n<p>La Universidad de las Am\u00e9rica Puebla (UDLAP) present\u00f3 su temporada cultural oto\u00f1o 2022<\/p>\n<p>El cual\u00a0consta de m\u00e1s de 12 eventos presenciales y actividades virtuales de m\u00fasica, danza, teatro, pintura.<\/p>\n<p>As\u00ed como entre otros, los cuales son encabezados por maestros y alumnos.<\/p>\n<p>Las actividades iniciar\u00e1n este jueves pr\u00f3ximo y terminar\u00e1n en diciembre.<\/p>\n<p>Los cuales se llevar\u00e1n a cabo dentro de la propia universidad y en los distintos espacios culturales que tiene.<\/p>\n<p>Los eventos incluyen un homenaje p\u00f3stumo a la directora fundadora del Coro de C\u00e1mara UDLAP, Gisela Crespo abrigo.<\/p>\n<p>El cual ser\u00e1 en octubre pr\u00f3ximo, as\u00ed como los recitales de \u00f3pera \u201c|| filosofo di Campagna\u201d y \u201cLa selva padrona\u201d, ambas dirigidas por estudiantes.<\/p>\n<h4>En rueda de prensa se inform\u00f3 que se realizar\u00e1n tres muestras mensuales a cargo de los equipos representativos culturales.<\/h4>\n<p>Con esto\u00a0destacando tambi\u00e9n en septiembre una \u00d3pera Gala.<\/p>\n<p>La cual contar\u00e1 con invitados especiales como Cristina Nakad, egresado de la Licenciatura en M\u00fasica de la UDLAP.<\/p>\n<p>Ademas de ser\u00a0ganadora del Concurso Nacional de Canto Mar\u00eda Katzarava.<\/p>\n<p>As\u00ed como la presentaci\u00f3n de la clarinetista mexicana Citlali Rosas y del grupo Tezontle UDLAP, dirigido por \u00c1ngeles Mart\u00ednez.<\/p>\n<p>En noviembre, se realizar\u00e1 la temporada de Danza UDLAP: Encuentros y Reencuentros, a cargo de Paulina Colmenares.<\/p>\n<p>Ademas de\u00a0recitales de los estudiantes de m\u00fasica, seguidos por la temporada de la Compa\u00f1\u00eda del Teatro que presentar\u00e1 Attempts on her life.<\/p>\n<p>Adem\u00e1s de un concierto de la orquesta Symphonia UDLAP.<\/p>\n<p>En diciembre, realizar\u00e1n los tradicionales conciertos de Navidad en la Catedral Bas\u00edlica de Puebla y en el Auditorio Guillermo y Sof\u00eda Jenkins de la UDLAP.<\/p>\n<p>Mar\u00eda del Carmen Palafox Ramos, vicerrectora de Asuntos Estudiantiles, destac\u00f3 la importancia de este evento.<\/p>\n<p>As\u00ed como de la importancia que tiene la cultura para la universidad, ya que es parte medular.<\/p>\n<h4>Con esto\u00a0que se regresa a los eventos presenciales tras m\u00e1s de dos a\u00f1os de no hacerlo por la pandemia por Covid-19.<\/h4>\n<p>Adem\u00e1s, destac\u00f3, los futuros artistas est\u00e1n recibiendo clases en las instalaciones dise\u00f1adas completamente a las necesidades de sus profesiones.<\/p>\n<p>Por su parte, Martha Laura Ram\u00edrez Dorantes, decana de la Escuela de Artes y Humanidades.<\/p>\n<p>Ademas que destac\u00f3 que a los estudiantes se les inculcan valores como la disciplina, constancia, responsabilidad, respeto y actitud cr\u00edtica.<\/p>\n<p>Los cuales forman parte de los 11 programas acad\u00e9micos del Departamento de Artes que tiene 11 programa educativos acreditados ante organismo nacionales e internacionales.<\/p>\n<p>Asimismo, la universidad inform\u00f3 que en marzo lanzar\u00e1n la convocatoria de becas culturales para recibir m\u00e1s j\u00f3venes que tengan aptitudes art\u00edsticas.<\/p>\n<p>Por lo que contemplan dar 65 becas y est\u00e1 en funci\u00f3n de los espacios que se requieran ocupar en cada una de las disciplinas.<\/p>\n<p>Universidad de las Am\u00e9ricas presenta Temporada Cultural Oto\u00f1o 2022<\/p>\n","protected":false},"excerpt":{"rendered":"<p>M\u00e1s de 12 eventos presenciales y actividades virtuales de m\u00fasica, danza, teatro, pintura, encabezados por maestros y alumnos. Universidad de las Am\u00e9ricas : Ademas que tendr\u00e1n lugar en el campus Puebla entre septiembre y diciembre. La Universidad de las Am\u00e9rica Puebla (UDLAP) present\u00f3 su temporada cultural oto\u00f1o 2022 El cual\u00a0consta de m\u00e1s de 12 eventos [&hellip;]<\/p>\n","protected":false},"author":1,"featured_media":8600,"comment_status":"open","ping_status":"closed","sticky":false,"template":"","format":"standard","meta":{"footnotes":""},"categories":[2,7],"tags":[],"class_list":["post-8598","post","type-post","status-publish","format-standard","has-post-thumbnail","hentry","category-cultural","category-nacional"],"_links":{"self":[{"href":"https:\/\/podernacional.com\/index.php?rest_route=\/wp\/v2\/posts\/8598","targetHints":{"allow":["GET"]}}],"collection":[{"href":"https:\/\/podernacional.com\/index.php?rest_route=\/wp\/v2\/posts"}],"about":[{"href":"https:\/\/podernacional.com\/index.php?rest_route=\/wp\/v2\/types\/post"}],"author":[{"embeddable":true,"href":"https:\/\/podernacional.com\/index.php?rest_route=\/wp\/v2\/users\/1"}],"replies":[{"embeddable":true,"href":"https:\/\/podernacional.com\/index.php?rest_route=%2Fwp%2Fv2%2Fcomments&post=8598"}],"version-history":[{"count":1,"href":"https:\/\/podernacional.com\/index.php?rest_route=\/wp\/v2\/posts\/8598\/revisions"}],"predecessor-version":[{"id":8599,"href":"https:\/\/podernacional.com\/index.php?rest_route=\/wp\/v2\/posts\/8598\/revisions\/8599"}],"wp:featuredmedia":[{"embeddable":true,"href":"https:\/\/podernacional.com\/index.php?rest_route=\/wp\/v2\/media\/8600"}],"wp:attachment":[{"href":"https:\/\/podernacional.com\/index.php?rest_route=%2Fwp%2Fv2%2Fmedia&parent=8598"}],"wp:term":[{"taxonomy":"category","embeddable":true,"href":"https:\/\/podernacional.com\/index.php?rest_route=%2Fwp%2Fv2%2Fcategories&post=8598"},{"taxonomy":"post_tag","embeddable":true,"href":"https:\/\/podernacional.com\/index.php?rest_route=%2Fwp%2Fv2%2Ftags&post=8598"}],"curies":[{"name":"wp","href":"https:\/\/api.w.org\/{rel}","templated":true}]}}