{"id":8601,"date":"2022-08-25T19:29:20","date_gmt":"2022-08-26T00:29:20","guid":{"rendered":"https:\/\/podernacional.com\/?p=8601"},"modified":"2022-08-26T00:29:21","modified_gmt":"2022-08-26T00:29:21","slug":"imagine-dragons-confirma-segundo-concierto-en-el-palacio-de-los-deportes","status":"publish","type":"post","link":"https:\/\/podernacional.com\/?p=8601","title":{"rendered":"Imagine Dragons confirma segundo concierto en el Palacio de los Deportes"},"content":{"rendered":"<h4>La banda anunci\u00f3 una nueva fecha en la Ciudad de M\u00e9xico<\/h4>\n<p><a href=\"https:\/\/www.imaginedragonsmusic.com\/\">Imagine Dragons<\/a> : \u00a1Porque ustedes lo pidieron!<\/p>\n<p>Tal ha sido la demanda de los fans de Imagine Dragons en M\u00e9xico que tras agotar en cuesti\u00f3n de horas los boletos de la primera fecha.<\/p>\n<p>Con esto se confirm\u00f3 un segundo concierto de la banda en el Palacio de los Deportes y ac\u00e1 te traemos los detalles.<\/p>\n<p>Ser\u00e1 el 2 de noviembre, justo en D\u00eda de Muertos, cuando Imagine Dragons ofrezca su segundo show en la CDMX.<\/p>\n<p>Ademas que un d\u00eda despu\u00e9s de la primera fecha que ya se encuentra sold out.<\/p>\n<p>La preventa de boletos ser\u00e1 el 30 de agosto.<\/p>\n<p>Mas sin embargo, cabe destacar que la venta especial a fans (el famoso priority) ser\u00e1 el viernes 26 a lo largo del d\u00eda.<\/p>\n<h4>Precios de Imagine Dragons en el Palacio de los Deportes (con cargos)<\/h4>\n<p>Pista: 2,376 pesos<\/p>\n<p>Nivel B: 3,216 pesos<\/p>\n<p>As\u00ed mismo el Nivel C: 2,016 pesos<\/p>\n<p>Nivel D: 1,416 pesos<\/p>\n<p>Nivel E: 816 pesos<\/p>\n<h4>La banda que estren\u00f3 su disco doble \u2018Mercury \u2013 ACTS 1 &amp; 2\u2019 el pasado 1 de julio.<\/h4>\n<p>El cual mencionan que estar\u00e1 de vuelta en el pa\u00eds con un emocionante show que ning\u00fan fan debe perderse.<\/p>\n<p>Pues tocar\u00e1n canciones nuevas pero tambi\u00e9n todos esos temas como \u201cRadioactive\u201d, \u201cBeliever\u201d, \u201cBones\u201d.<\/p>\n<p>M\u00e1s que a lo largo de los a\u00f1os se han convertido en himnos.<\/p>\n","protected":false},"excerpt":{"rendered":"<p>La banda anunci\u00f3 una nueva fecha en la Ciudad de M\u00e9xico Imagine Dragons : \u00a1Porque ustedes lo pidieron! Tal ha sido la demanda de los fans de Imagine Dragons en M\u00e9xico que tras agotar en cuesti\u00f3n de horas los boletos de la primera fecha. Con esto se confirm\u00f3 un segundo concierto de la banda en [&hellip;]<\/p>\n","protected":false},"author":1,"featured_media":8603,"comment_status":"open","ping_status":"closed","sticky":false,"template":"","format":"standard","meta":{"footnotes":""},"categories":[2,4,7],"tags":[],"class_list":["post-8601","post","type-post","status-publish","format-standard","has-post-thumbnail","hentry","category-cultural","category-espectaculos","category-nacional"],"_links":{"self":[{"href":"https:\/\/podernacional.com\/index.php?rest_route=\/wp\/v2\/posts\/8601","targetHints":{"allow":["GET"]}}],"collection":[{"href":"https:\/\/podernacional.com\/index.php?rest_route=\/wp\/v2\/posts"}],"about":[{"href":"https:\/\/podernacional.com\/index.php?rest_route=\/wp\/v2\/types\/post"}],"author":[{"embeddable":true,"href":"https:\/\/podernacional.com\/index.php?rest_route=\/wp\/v2\/users\/1"}],"replies":[{"embeddable":true,"href":"https:\/\/podernacional.com\/index.php?rest_route=%2Fwp%2Fv2%2Fcomments&post=8601"}],"version-history":[{"count":1,"href":"https:\/\/podernacional.com\/index.php?rest_route=\/wp\/v2\/posts\/8601\/revisions"}],"predecessor-version":[{"id":8602,"href":"https:\/\/podernacional.com\/index.php?rest_route=\/wp\/v2\/posts\/8601\/revisions\/8602"}],"wp:featuredmedia":[{"embeddable":true,"href":"https:\/\/podernacional.com\/index.php?rest_route=\/wp\/v2\/media\/8603"}],"wp:attachment":[{"href":"https:\/\/podernacional.com\/index.php?rest_route=%2Fwp%2Fv2%2Fmedia&parent=8601"}],"wp:term":[{"taxonomy":"category","embeddable":true,"href":"https:\/\/podernacional.com\/index.php?rest_route=%2Fwp%2Fv2%2Fcategories&post=8601"},{"taxonomy":"post_tag","embeddable":true,"href":"https:\/\/podernacional.com\/index.php?rest_route=%2Fwp%2Fv2%2Ftags&post=8601"}],"curies":[{"name":"wp","href":"https:\/\/api.w.org\/{rel}","templated":true}]}}