{"id":8607,"date":"2022-08-25T19:47:48","date_gmt":"2022-08-26T00:47:48","guid":{"rendered":"https:\/\/podernacional.com\/?p=8607"},"modified":"2022-08-26T00:47:49","modified_gmt":"2022-08-26T00:47:49","slug":"festival-internacional-de-teatro-universitario-90-presencial","status":"publish","type":"post","link":"https:\/\/podernacional.com\/?p=8607","title":{"rendered":"Festival Internacional de Teatro Universitario, 90% presencial"},"content":{"rendered":"<h4>Habr\u00e1 obras de Chile, Argentina, Colombia, Espa\u00f1a y M\u00e9xico; talleres, exposiciones y venta de libros<\/h4>\n<p>Festival Internacional de Teatro Universitario: Despu\u00e9s de realizarse de forma digital en 2021, el Festival Internacional de Teatro Universitario (FITU) llega a su edici\u00f3n 29 con un programa.<\/p>\n<p>El cual es \u201c90 % presencial y 10 % en modelo h\u00edbrido\u201d, cuenta Juan Meli\u00e1, director de Teatro UNAM.<\/p>\n<p>\u201cEste a\u00f1o, el reto es responder a la comunidad teatral mexicana; a los investigadores de las escuelas de teatro nacionales e internacionales\u201d.<\/p>\n<p>\u201cAdemas que, en particular, a los alumnos y alumnas, a las escuelas profesionales y no profesionales\u201d, dice.<\/p>\n<p>El festival, detalla, se realizar\u00e1 del 2 al 11 de septiembre en el Centro Cultural Universitario (Insurgentes Sur, 3000) con seis ejes.<\/p>\n<p>Los primero dos reflejan el \u201cesp\u00edritu del FITU\u201d:<\/p>\n<p>Oportunidad y Expansi\u00f3n para visibilizar las obras hechas por los reci\u00e9n egresados de las escuelas de teatro.<\/p>\n<p>Al igual que darle un valor central a los procesos formativos de los estudiantes.<\/p>\n<p>Despu\u00e9s siguen cuatro ejes:<\/p>\n<h4>\u201cCuidado, en defensa de una comunidad vinculada a l\u00edneas de trabajo colectivas:<\/h4>\n<p>Desde la sororidad para construir un lugar seguro e igualitario.<\/p>\n<p>En el eje Comunidad defendemos mucho el trabajo de las compa\u00f1\u00edas independientes.<\/p>\n<p>Mientras que en otro eje, Resistencia, se abordan los Derechos Humanos, el teatro como una acci\u00f3n pol\u00edtica que toca las heridas abiertas de la sociedad\u201d.<\/p>\n<p>El \u00faltimo eje es el Territorio, no s\u00f3lo como defensa del teatro realizado en espacios esc\u00e9nicos convencionales.<\/p>\n<p>\u201cSino fuera de ellos: en plazas, espacios alternativos e, incluso, en modelo digital\u201d.<\/p>\n<p>En la competencia de este a\u00f1o participaron m\u00e1s de 100 proyectos, de los cuales se seleccionaron 22 obras de:<\/p>\n<p>Argentina, Colombia, Espa\u00f1a, Chile, Ciudad de M\u00e9xico, Michoac\u00e1n, Veracruz, Estado de M\u00e9xico, Aguascalientes, Quer\u00e9taro, Jalisco e Hidalgo.<\/p>\n<p>Despu\u00e9s de las obras \u201cque participan gracias a la convocatoria internacional, vienen las que llamamos de exhibici\u00f3n.<\/p>\n<p>Ademas que con las que se busca mostrar al p\u00fablico la diversidad del teatro actual\u201d, dice Meli\u00e1.<\/p>\n","protected":false},"excerpt":{"rendered":"<p>Habr\u00e1 obras de Chile, Argentina, Colombia, Espa\u00f1a y M\u00e9xico; talleres, exposiciones y venta de libros Festival Internacional de Teatro Universitario: Despu\u00e9s de realizarse de forma digital en 2021, el Festival Internacional de Teatro Universitario (FITU) llega a su edici\u00f3n 29 con un programa. El cual es \u201c90 % presencial y 10 % en modelo h\u00edbrido\u201d, [&hellip;]<\/p>\n","protected":false},"author":1,"featured_media":8609,"comment_status":"open","ping_status":"closed","sticky":false,"template":"","format":"standard","meta":{"footnotes":""},"categories":[2,5],"tags":[],"class_list":["post-8607","post","type-post","status-publish","format-standard","has-post-thumbnail","hentry","category-cultural","category-internacional"],"_links":{"self":[{"href":"https:\/\/podernacional.com\/index.php?rest_route=\/wp\/v2\/posts\/8607","targetHints":{"allow":["GET"]}}],"collection":[{"href":"https:\/\/podernacional.com\/index.php?rest_route=\/wp\/v2\/posts"}],"about":[{"href":"https:\/\/podernacional.com\/index.php?rest_route=\/wp\/v2\/types\/post"}],"author":[{"embeddable":true,"href":"https:\/\/podernacional.com\/index.php?rest_route=\/wp\/v2\/users\/1"}],"replies":[{"embeddable":true,"href":"https:\/\/podernacional.com\/index.php?rest_route=%2Fwp%2Fv2%2Fcomments&post=8607"}],"version-history":[{"count":1,"href":"https:\/\/podernacional.com\/index.php?rest_route=\/wp\/v2\/posts\/8607\/revisions"}],"predecessor-version":[{"id":8608,"href":"https:\/\/podernacional.com\/index.php?rest_route=\/wp\/v2\/posts\/8607\/revisions\/8608"}],"wp:featuredmedia":[{"embeddable":true,"href":"https:\/\/podernacional.com\/index.php?rest_route=\/wp\/v2\/media\/8609"}],"wp:attachment":[{"href":"https:\/\/podernacional.com\/index.php?rest_route=%2Fwp%2Fv2%2Fmedia&parent=8607"}],"wp:term":[{"taxonomy":"category","embeddable":true,"href":"https:\/\/podernacional.com\/index.php?rest_route=%2Fwp%2Fv2%2Fcategories&post=8607"},{"taxonomy":"post_tag","embeddable":true,"href":"https:\/\/podernacional.com\/index.php?rest_route=%2Fwp%2Fv2%2Ftags&post=8607"}],"curies":[{"name":"wp","href":"https:\/\/api.w.org\/{rel}","templated":true}]}}