{"id":8616,"date":"2022-08-25T21:39:11","date_gmt":"2022-08-26T02:39:11","guid":{"rendered":"https:\/\/podernacional.com\/?p=8616"},"modified":"2022-08-26T02:39:12","modified_gmt":"2022-08-26T02:39:12","slug":"disponen-operativo-especial-para-las-morismas-de-bracho","status":"publish","type":"post","link":"https:\/\/podernacional.com\/?p=8616","title":{"rendered":"Disponen operativo especial para las Morismas de Bracho"},"content":{"rendered":"<h4><a href=\"https:\/\/www.zacatecas.gob.mx\/\">ZACATECAS<\/a>. Del 25 al 28 de agosto, personal de la Direcci\u00f3n de Polic\u00eda de Seguridad Vial (DPSV).<\/h4>\n<p>Morismas de Bracho: Menciona que implementar\u00e1 un operativo especial para resguardar la tradicional Morisma de Bracho, con la finalidad de garantizar la seguridad vial de los asistentes.<\/p>\n<p>El Gobierno de Zacatecas ha dispuesto brindar las mejores condiciones a participantes, familias zacatecanas y visitantes.<\/p>\n<p>Por lo que determin\u00f3 que personal adscrito a esta dependencia realice operativos de vigilancia, rondines, cortes de circulaci\u00f3n.<\/p>\n<p>As\u00ed como de asesor\u00eda y blindaje de Lomas de Bracho para la realizaci\u00f3n de las actividades.<\/p>\n<p>Adem\u00e1s, para el domingo 28, se contemplan despejes vehiculares a partir de las 5 horas sobre el puente de Zamora.<\/p>\n<h4>Ademas de la rinconada de San Francisco y las calles Abasolo, Juan de Tolosa.<\/h4>\n<p>La cual ademas est\u00e1 segunda de Matamoros, Genaro Codina, Fernando Villalpando, as\u00ed como las avenidas Ju\u00e1rez e Hidalgo.<\/p>\n<p>Asimismo, a partir de las 9 horas se contempla el cierre total a la circulaci\u00f3n para dar inicio al tradicional desfile.<\/p>\n<p>Los automovilistas tendr\u00e1n como v\u00edas alternas las calles Segunda de los Bolos, Urizar, El\u00edas Amador, Constituci\u00f3n, Guerrero, Torre\u00f3n, Tacuba.<\/p>\n<p>As\u00ed como de Aguascalientes, las avenidas L\u00f3pez Velarde, Quebradilla y Gonz\u00e1lez Ortega<\/p>\n<p>Autoridades viales informaron que el objetivo es cubrir el per\u00edmetro de Lomas de Bracho para la escenificaci\u00f3n.<\/p>\n<p>Las calles del Centro Hist\u00f3rico de la capital durante el desfile de cofrades.<\/p>\n<p>Por lo que se pretende con dichos operativos hacer m\u00e1s eficiente la circulaci\u00f3n vial y garantizar la seguridad de los participantes y espectadores.<\/p>\n<p>Disponen operativo especial para las Morismas de Bracho<\/p>\n","protected":false},"excerpt":{"rendered":"<p>ZACATECAS. Del 25 al 28 de agosto, personal de la Direcci\u00f3n de Polic\u00eda de Seguridad Vial (DPSV). Morismas de Bracho: Menciona que implementar\u00e1 un operativo especial para resguardar la tradicional Morisma de Bracho, con la finalidad de garantizar la seguridad vial de los asistentes. El Gobierno de Zacatecas ha dispuesto brindar las mejores condiciones a [&hellip;]<\/p>\n","protected":false},"author":1,"featured_media":8618,"comment_status":"open","ping_status":"closed","sticky":false,"template":"","format":"standard","meta":{"footnotes":""},"categories":[7,9],"tags":[],"class_list":["post-8616","post","type-post","status-publish","format-standard","has-post-thumbnail","hentry","category-nacional","category-politica"],"_links":{"self":[{"href":"https:\/\/podernacional.com\/index.php?rest_route=\/wp\/v2\/posts\/8616","targetHints":{"allow":["GET"]}}],"collection":[{"href":"https:\/\/podernacional.com\/index.php?rest_route=\/wp\/v2\/posts"}],"about":[{"href":"https:\/\/podernacional.com\/index.php?rest_route=\/wp\/v2\/types\/post"}],"author":[{"embeddable":true,"href":"https:\/\/podernacional.com\/index.php?rest_route=\/wp\/v2\/users\/1"}],"replies":[{"embeddable":true,"href":"https:\/\/podernacional.com\/index.php?rest_route=%2Fwp%2Fv2%2Fcomments&post=8616"}],"version-history":[{"count":1,"href":"https:\/\/podernacional.com\/index.php?rest_route=\/wp\/v2\/posts\/8616\/revisions"}],"predecessor-version":[{"id":8617,"href":"https:\/\/podernacional.com\/index.php?rest_route=\/wp\/v2\/posts\/8616\/revisions\/8617"}],"wp:featuredmedia":[{"embeddable":true,"href":"https:\/\/podernacional.com\/index.php?rest_route=\/wp\/v2\/media\/8618"}],"wp:attachment":[{"href":"https:\/\/podernacional.com\/index.php?rest_route=%2Fwp%2Fv2%2Fmedia&parent=8616"}],"wp:term":[{"taxonomy":"category","embeddable":true,"href":"https:\/\/podernacional.com\/index.php?rest_route=%2Fwp%2Fv2%2Fcategories&post=8616"},{"taxonomy":"post_tag","embeddable":true,"href":"https:\/\/podernacional.com\/index.php?rest_route=%2Fwp%2Fv2%2Ftags&post=8616"}],"curies":[{"name":"wp","href":"https:\/\/api.w.org\/{rel}","templated":true}]}}