{"id":8619,"date":"2022-08-25T21:43:00","date_gmt":"2022-08-26T02:43:00","guid":{"rendered":"https:\/\/podernacional.com\/?p=8619"},"modified":"2022-08-26T02:43:01","modified_gmt":"2022-08-26T02:43:01","slug":"empresarios-del-pais-se-suman-al-impulso-economico-de-zacatecas","status":"publish","type":"post","link":"https:\/\/podernacional.com\/?p=8619","title":{"rendered":"Empresarios del pa\u00eds se suman al impulso econ\u00f3mico de Zacatecas"},"content":{"rendered":"<h4><a href=\"https:\/\/www.zacatecas.gob.mx\/\">Zacatecas<\/a> se enunci\u00f3 como tierra de oportunidades para empresarios de todo el pa\u00eds, con el objetivo de impulsar el desarrollo econ\u00f3mico de la entidad.<\/h4>\n<p>Empresarios del pa\u00eds: Durante la Cumbre de Empresarios por la Transformaci\u00f3n de Zacatecas, los empresarios m\u00e1s destacados de la entidad y el pa\u00eds.<\/p>\n<p>Con esto, expresaron su apoyo para fortalecer lazos econ\u00f3micos en la regi\u00f3n y ser parte de las inversiones y generaci\u00f3n de empleo en la entidad.<\/p>\n<p>Entre los presentes se encontraban directivos de:<\/p>\n<p>Cin\u00e9polis, Grupo Soriana, Grupo Financiero Banorte, Grupo M\u00e9xico, FEMSA, APTIV, Mifel, Grupo Bal, Grupo Modelo, Newmont Pe\u00f1asquito, entre muchos otros.<\/p>\n<p>Los empresarios zacatecanos presentes fueron Eduardo L\u00f3pez Mu\u00f1oz, presidente de Grupo Islo.<\/p>\n<p>Jos\u00e9 Aguirre Campos, presidente de grupo Profrezac.<\/p>\n<p>Yaco Reimers, presidente de Cesantoni y Pedro Lara Rojas, presidente de Grupo Inmobiliario Zacatecas.<\/p>\n<p>Por su parte, los empresarios indicaron que es necesario el impulso de la proveedur\u00eda local.<\/p>\n<p>En este sentido, para dar paso a la generaci\u00f3n de empleo.<\/p>\n<p>Ademas que es necesario propiciar un c\u00edrculo econ\u00f3mico virtuoso en la entidad a partir de la adquisici\u00f3n y\/o producci\u00f3n de materias primas.<\/p>\n<p>O igualmente de productos y servicios con comercios y empresas locales.<\/p>\n<p>Las ventajas competitivas del estado en distintas ramas, pueden ser un catalizador del desarrollo social y econ\u00f3mico.<\/p>\n<p>Durante la sesi\u00f3n realizada en la Ciudad de M\u00e9xico, el gobernador, David Monreal \u00c1vila.<\/p>\n<p>Con esto se dio a conocer los principales indicadores econ\u00f3micos del estado y las directrices de su Plan Estatal de Desarrollo.<\/p>\n","protected":false},"excerpt":{"rendered":"<p>Zacatecas se enunci\u00f3 como tierra de oportunidades para empresarios de todo el pa\u00eds, con el objetivo de impulsar el desarrollo econ\u00f3mico de la entidad. Empresarios del pa\u00eds: Durante la Cumbre de Empresarios por la Transformaci\u00f3n de Zacatecas, los empresarios m\u00e1s destacados de la entidad y el pa\u00eds. Con esto, expresaron su apoyo para fortalecer lazos [&hellip;]<\/p>\n","protected":false},"author":1,"featured_media":8621,"comment_status":"open","ping_status":"closed","sticky":false,"template":"","format":"standard","meta":{"footnotes":""},"categories":[7,9],"tags":[],"class_list":["post-8619","post","type-post","status-publish","format-standard","has-post-thumbnail","hentry","category-nacional","category-politica"],"_links":{"self":[{"href":"https:\/\/podernacional.com\/index.php?rest_route=\/wp\/v2\/posts\/8619","targetHints":{"allow":["GET"]}}],"collection":[{"href":"https:\/\/podernacional.com\/index.php?rest_route=\/wp\/v2\/posts"}],"about":[{"href":"https:\/\/podernacional.com\/index.php?rest_route=\/wp\/v2\/types\/post"}],"author":[{"embeddable":true,"href":"https:\/\/podernacional.com\/index.php?rest_route=\/wp\/v2\/users\/1"}],"replies":[{"embeddable":true,"href":"https:\/\/podernacional.com\/index.php?rest_route=%2Fwp%2Fv2%2Fcomments&post=8619"}],"version-history":[{"count":1,"href":"https:\/\/podernacional.com\/index.php?rest_route=\/wp\/v2\/posts\/8619\/revisions"}],"predecessor-version":[{"id":8620,"href":"https:\/\/podernacional.com\/index.php?rest_route=\/wp\/v2\/posts\/8619\/revisions\/8620"}],"wp:featuredmedia":[{"embeddable":true,"href":"https:\/\/podernacional.com\/index.php?rest_route=\/wp\/v2\/media\/8621"}],"wp:attachment":[{"href":"https:\/\/podernacional.com\/index.php?rest_route=%2Fwp%2Fv2%2Fmedia&parent=8619"}],"wp:term":[{"taxonomy":"category","embeddable":true,"href":"https:\/\/podernacional.com\/index.php?rest_route=%2Fwp%2Fv2%2Fcategories&post=8619"},{"taxonomy":"post_tag","embeddable":true,"href":"https:\/\/podernacional.com\/index.php?rest_route=%2Fwp%2Fv2%2Ftags&post=8619"}],"curies":[{"name":"wp","href":"https:\/\/api.w.org\/{rel}","templated":true}]}}