{"id":8634,"date":"2022-08-26T20:51:12","date_gmt":"2022-08-27T01:51:12","guid":{"rendered":"https:\/\/podernacional.com\/?p=8634"},"modified":"2022-08-27T01:51:14","modified_gmt":"2022-08-27T01:51:14","slug":"afore-sura-a-favor-de-la-formacion-y-certificacion-internacional-en-asg","status":"publish","type":"post","link":"https:\/\/podernacional.com\/?p=8634","title":{"rendered":"Afore Sura a favor de la formaci\u00f3n y certificaci\u00f3n internacional en ASG"},"content":{"rendered":"<h4>Existe un anteproyecto en la Comisi\u00f3n Nacional de Mejora Regulatoria (Conamer).<\/h4>\n<p>Afore Sura: Ademas para que funcionarios de las administradoras de fondos para el retiro (afores) asuman una formaci\u00f3n.<\/p>\n<p>As\u00ed como de una\u00a0certificaci\u00f3n internacional en materia de los lineamientos Ambientales, Sociales y de buen Gobierno.<\/p>\n<p>Existe un anteproyecto en la Comisi\u00f3n Nacional de Mejora Regulatoria (Conamer) para que funcionarios de las administradoras de fondos para el retiro (afores).<\/p>\n<p>El cual\u00a0asuman una formaci\u00f3n y certificaci\u00f3n internacional en materia de los lineamientos Ambientales, Sociales.<\/p>\n<p>Igualmente el\u00a0de buen Gobierno (ASG o ESG, por su sigla en ingl\u00e9s).<\/p>\n<p>Ante ello Afore Sura revel\u00f3 que son creyentes de la capacitaci\u00f3n del personal en dicha materia.<\/p>\n<p>\u201cSomos grandes creyentes de que hay que capacitar a la gente\u201d.<\/p>\n<h4>\u201cY\u00a0sobre todo cuando se habla de c\u00f3mo incorporar los criterios ASG en la toma de decisiones\u201d.<\/h4>\n<p>\u201cAdemas que\u00a0hay una gran disparidad en los conocimientos de los equipos (de las afores)\u201d.<\/p>\n<p>Dijo Alejandro Bujanos, ESG Head en Afore Sura durante la videoconferencia \u201cFondos de Pensiones como dinamizadores de la inversi\u00f3n responsable\u201d.<\/p>\n<p>Bujanos explic\u00f3 que el cambio es necesario porque cuando los ejecutivos de las afores se formaron en las universidades.<\/p>\n<p>Para desempe\u00f1arse en los puestos que hoy ocupan no se ense\u00f1aba los criterios ASG.<\/p>\n<p>\u201cNo es que com\u00fanmente se ense\u00f1ara en las universidades o no sabemos qu\u00e9 se ha estado haciendo durante mucho tiempo\u201d.<\/p>\n<p>Entonces somos grandes creyentes de eso (de la certificaci\u00f3n y formaci\u00f3n internacional en ASG)\u201d, dijo.<\/p>\n<p>El ESG Head en Afore Sura remarc\u00f3 que en la afore donde trabaja se ha impulsado la certificaci\u00f3n.<\/p>\n<p>Ademas de la\u00a0formaci\u00f3n en ASG dado que tienen una gran cantidad de personas certificadas.<\/p>\n<h4>Esto como\u00a0mucho m\u00e1s de lo que va a requerir esta nueva norma en poder de la Conamer.<\/h4>\n<p>\u201cCapacitar al personal dentro de la empresa es s\u00faper importante, entre m\u00e1s capacitado est\u00e9 sube el nivel de conversaci\u00f3n\u201d.<\/p>\n<p>\u201cAdemas que\u00a0se hace m\u00e1s consciente de la problem\u00e1tica que hay que atender\u201d, coment\u00f3.<\/p>\n<p>El documento enviado por la Comisi\u00f3n Nacional del Sistema del Ahorro para el Retiro detalla que entre los conocimientos de los funcionarios de las afores.<\/p>\n<p>Se\u00a0deben de estar incluidos los riesgos y oportunidades relacionados con el cambio clim\u00e1tico, para gestionar los impactos sobre las carteras de inversi\u00f3n.<\/p>\n<p>Adem\u00e1s la Consar explic\u00f3 en el oficio que a trav\u00e9s de las operaciones que se celebren y los proyectos que financien las afores.<\/p>\n<p>Ademas que se d\u00e9 cumplimiento al compromiso adquirido por M\u00e9xico en 2016, resultado de la 21 Conferencia de las Partes (COP).<\/p>\n<p>De la Convenci\u00f3n Marco de las Naciones Unidas sobre el Cambio Clim\u00e1tico.<\/p>\n","protected":false},"excerpt":{"rendered":"<p>Existe un anteproyecto en la Comisi\u00f3n Nacional de Mejora Regulatoria (Conamer). Afore Sura: Ademas para que funcionarios de las administradoras de fondos para el retiro (afores) asuman una formaci\u00f3n. As\u00ed como de una\u00a0certificaci\u00f3n internacional en materia de los lineamientos Ambientales, Sociales y de buen Gobierno. Existe un anteproyecto en la Comisi\u00f3n Nacional de Mejora Regulatoria [&hellip;]<\/p>\n","protected":false},"author":1,"featured_media":8636,"comment_status":"open","ping_status":"closed","sticky":false,"template":"","format":"standard","meta":{"footnotes":""},"categories":[7,9],"tags":[],"class_list":["post-8634","post","type-post","status-publish","format-standard","has-post-thumbnail","hentry","category-nacional","category-politica"],"_links":{"self":[{"href":"https:\/\/podernacional.com\/index.php?rest_route=\/wp\/v2\/posts\/8634","targetHints":{"allow":["GET"]}}],"collection":[{"href":"https:\/\/podernacional.com\/index.php?rest_route=\/wp\/v2\/posts"}],"about":[{"href":"https:\/\/podernacional.com\/index.php?rest_route=\/wp\/v2\/types\/post"}],"author":[{"embeddable":true,"href":"https:\/\/podernacional.com\/index.php?rest_route=\/wp\/v2\/users\/1"}],"replies":[{"embeddable":true,"href":"https:\/\/podernacional.com\/index.php?rest_route=%2Fwp%2Fv2%2Fcomments&post=8634"}],"version-history":[{"count":1,"href":"https:\/\/podernacional.com\/index.php?rest_route=\/wp\/v2\/posts\/8634\/revisions"}],"predecessor-version":[{"id":8635,"href":"https:\/\/podernacional.com\/index.php?rest_route=\/wp\/v2\/posts\/8634\/revisions\/8635"}],"wp:featuredmedia":[{"embeddable":true,"href":"https:\/\/podernacional.com\/index.php?rest_route=\/wp\/v2\/media\/8636"}],"wp:attachment":[{"href":"https:\/\/podernacional.com\/index.php?rest_route=%2Fwp%2Fv2%2Fmedia&parent=8634"}],"wp:term":[{"taxonomy":"category","embeddable":true,"href":"https:\/\/podernacional.com\/index.php?rest_route=%2Fwp%2Fv2%2Fcategories&post=8634"},{"taxonomy":"post_tag","embeddable":true,"href":"https:\/\/podernacional.com\/index.php?rest_route=%2Fwp%2Fv2%2Ftags&post=8634"}],"curies":[{"name":"wp","href":"https:\/\/api.w.org\/{rel}","templated":true}]}}