{"id":8640,"date":"2022-08-26T21:10:10","date_gmt":"2022-08-27T02:10:10","guid":{"rendered":"https:\/\/podernacional.com\/?p=8640"},"modified":"2022-08-27T02:10:11","modified_gmt":"2022-08-27T02:10:11","slug":"zacatecas-esta-a-la-vanguardia-en-materia-judicial-destaca-gobernador-david-monreal-al-inaugurar-la-conatrib","status":"publish","type":"post","link":"https:\/\/podernacional.com\/?p=8640","title":{"rendered":"Zacatecas est\u00e1 a la vanguardia en materia judicial, destaca Gobernador David Monreal al inaugurar la Conatrib"},"content":{"rendered":"<h4>La entidad es sede de la Tercera Sesi\u00f3n Plenaria de la Comisi\u00f3n Nacional de Tribunales Superiores de Justicia de los Estados Unidos Mexicanos<\/h4>\n<p>Conatrib: El mandatario record\u00f3 que a su llegada al Ejecutivo convoc\u00f3 a una reforma profunda para garantizar el acceso a una justicia permanente y expedita<\/p>\n<p>En presencia de los presidentes de los Tribunales de Justicia de todo el pa\u00eds, el Gobernador refrend\u00f3 su compromiso con las instituciones.<\/p>\n<p>Ademas\u00a0la b\u00fasqueda de justicia para el bienestar social<\/p>\n<p>Al inaugurar la Tercera Sesi\u00f3n Plenaria de la Comisi\u00f3n Nacional de Tribunales Superiores de Justicia de los Estados Unidos Mexicanos (Conatrib).<\/p>\n<p>Ademas que con sede en Zacatecas, el Gobernador David Monreal \u00c1vila destac\u00f3 su compromiso con las instituciones.<\/p>\n<p>Al igual que\u00a0la b\u00fasqueda de la justicia para procurar el bienestar social.<\/p>\n<p>En presencia de los presidentes de los Tribunales Superiores de Justicia de todo el pa\u00eds.<\/p>\n<p>Ademas que el mandatario record\u00f3 al respecto que, a su llegada al Poder Ejecutivo.<\/p>\n<h4>Con esto se convoc\u00f3 a los poderes del Estado a una reforma profunda para erradicar la impunidad.<\/h4>\n<p>As\u00ed como de garantizar a las y los zacatecanos el acceso a una justicia permanente y expedita.<\/p>\n<p>Convocatoria que, se\u00f1al\u00f3, encontr\u00f3 eco en el Magistrado Presidente del Tribunal Superior de Justicia del Estado de Zacatecas (TSJEZ).<\/p>\n<p>Arturo Nahle Garc\u00eda, y as\u00ed se concret\u00f3 la reforma al Poder Judicial en julio del presente a\u00f1o.<\/p>\n<p>Ademas que por lo que hoy esta entidad se coloca a la vanguardia en la materia.<\/p>\n<p>As\u00ed lo destac\u00f3 ante los representantes de los poderes judiciales de las 32 entidades del pa\u00eds.<\/p>\n<p>Ademas quienes se reunieron en el teatro Fernando Calder\u00f3n para participar en la Conatrib, cuyo objetivo es que magistrados.<\/p>\n<p>Igualmente como los jueces trabajen en la modernizaci\u00f3n e innovaci\u00f3n de la administraci\u00f3n de justicia.<\/p>\n<h4>Monreal \u00c1vila asegur\u00f3 que para las y los zacatecanos es un orgullo que representantes de los poderes judiciales del pa\u00eds.<\/h4>\n<p>Con esto que\u00a0est\u00e9n en este estado que les da la bienvenida y agradece que.<\/p>\n<p>Desde aqu\u00ed, se refrende el compromiso del Poder Judicial con el marco de derecho, el equilibrio de poderes y el respeto a los derechos humanos.<\/p>\n<p>Asegur\u00f3 que en Zacatecas se hace lo propio porque, reiter\u00f3, con la participaci\u00f3n y compromiso de los tres poderes del Estado.<\/p>\n<p>Ademas que se logr\u00f3 una reforma al Poder Judicial de avanzada, la cual hoy es un referente nacional ya que fortalece el:<\/p>\n<p>Trabajo arm\u00f3nico, beneficia al pueblo, a los m\u00e1s de 1 mil trabajadores, a jueces, litigantes y los distintos tribunales.<\/p>\n","protected":false},"excerpt":{"rendered":"<p>La entidad es sede de la Tercera Sesi\u00f3n Plenaria de la Comisi\u00f3n Nacional de Tribunales Superiores de Justicia de los Estados Unidos Mexicanos Conatrib: El mandatario record\u00f3 que a su llegada al Ejecutivo convoc\u00f3 a una reforma profunda para garantizar el acceso a una justicia permanente y expedita En presencia de los presidentes de los [&hellip;]<\/p>\n","protected":false},"author":1,"featured_media":8642,"comment_status":"open","ping_status":"closed","sticky":false,"template":"","format":"standard","meta":{"footnotes":""},"categories":[7,9],"tags":[],"class_list":["post-8640","post","type-post","status-publish","format-standard","has-post-thumbnail","hentry","category-nacional","category-politica"],"_links":{"self":[{"href":"https:\/\/podernacional.com\/index.php?rest_route=\/wp\/v2\/posts\/8640","targetHints":{"allow":["GET"]}}],"collection":[{"href":"https:\/\/podernacional.com\/index.php?rest_route=\/wp\/v2\/posts"}],"about":[{"href":"https:\/\/podernacional.com\/index.php?rest_route=\/wp\/v2\/types\/post"}],"author":[{"embeddable":true,"href":"https:\/\/podernacional.com\/index.php?rest_route=\/wp\/v2\/users\/1"}],"replies":[{"embeddable":true,"href":"https:\/\/podernacional.com\/index.php?rest_route=%2Fwp%2Fv2%2Fcomments&post=8640"}],"version-history":[{"count":1,"href":"https:\/\/podernacional.com\/index.php?rest_route=\/wp\/v2\/posts\/8640\/revisions"}],"predecessor-version":[{"id":8641,"href":"https:\/\/podernacional.com\/index.php?rest_route=\/wp\/v2\/posts\/8640\/revisions\/8641"}],"wp:featuredmedia":[{"embeddable":true,"href":"https:\/\/podernacional.com\/index.php?rest_route=\/wp\/v2\/media\/8642"}],"wp:attachment":[{"href":"https:\/\/podernacional.com\/index.php?rest_route=%2Fwp%2Fv2%2Fmedia&parent=8640"}],"wp:term":[{"taxonomy":"category","embeddable":true,"href":"https:\/\/podernacional.com\/index.php?rest_route=%2Fwp%2Fv2%2Fcategories&post=8640"},{"taxonomy":"post_tag","embeddable":true,"href":"https:\/\/podernacional.com\/index.php?rest_route=%2Fwp%2Fv2%2Ftags&post=8640"}],"curies":[{"name":"wp","href":"https:\/\/api.w.org\/{rel}","templated":true}]}}