{"id":8646,"date":"2022-08-26T21:34:23","date_gmt":"2022-08-27T02:34:23","guid":{"rendered":"https:\/\/podernacional.com\/?p=8646"},"modified":"2022-08-27T02:34:24","modified_gmt":"2022-08-27T02:34:24","slug":"aplicara-salud-tercera-dosis-a-personas-de-40-50-y-60-anos-de-puebla-capital-y-tres-municipios","status":"publish","type":"post","link":"https:\/\/podernacional.com\/?p=8646","title":{"rendered":"Aplicar\u00e1 Salud tercera dosis a personas de 40, 50 y 60 a\u00f1os de Puebla capital y tres municipios"},"content":{"rendered":"<h4>Este sector de la poblaci\u00f3n podr\u00e1 acudir este viernes 26 de agosto de 08:00 a 16:00 y el s\u00e1bado 27 de agosto de 08:00 a 14:00 horas<\/h4>\n<p>Tercera dosis: El titular de la dependencia report\u00f3 109 nuevos contagios y un deceso por la COVID-19<\/p>\n<p>El secretario de Salud, <a href=\"https:\/\/twitter.com\/JAntonioMtzGa\">Jos\u00e9 Antonio Mart\u00ednez Garc\u00eda<\/a> inform\u00f3 que la jornada de vacunaci\u00f3n vigente en Atlixco, Puebla capital.<\/p>\n<p>As\u00ed como en San Andr\u00e9s Cholula y San Mart\u00edn Texmelucan fue ampliada hasta este s\u00e1bado 27 de agosto.<\/p>\n<p>Lo cual es para aplicar tercera dosis a los grupos etarios de 40, 50 y 60 a\u00f1os.<\/p>\n<p>Asimismo, indic\u00f3 que los adultos de 60 a\u00f1os y m\u00e1s podr\u00e1n aplicarse la cuarta dosis.<\/p>\n<p>Ademas que siempre y cuando tengan cuatro meses cumplidos despu\u00e9s de la tercera.<\/p>\n<p>Adem\u00e1s, destac\u00f3 que contin\u00faa vigente la aplicaci\u00f3n de primeras dosis \u00fanicamente a menores de 12 a\u00f1os cumplidos.<\/p>\n<p>Los cuales se vacunar\u00e1n por primera vez y segundas dosis para 12 a 17 a\u00f1os que se aplicaron la primera dosis.<\/p>\n<h4>Esto con fecha del 02 al 04 de agosto.<\/h4>\n<p>Cabe recordar que para este proceso siguen disponibles 15 m\u00f3dulos, en donde podr\u00e1n asistir todos los grupos etarios mencionados.<\/p>\n<p>Los cuales funcionar\u00e1n hoy viernes de 08:00 a 16:00 y el s\u00e1bado de 08:00 a 14:00 horas.<\/p>\n<p>Respecto al reporte epidemiol\u00f3gico, Mart\u00ednez Garc\u00eda se\u00f1al\u00f3 que, en las \u00faltimas 24 horas, hubo 109 nuevos contagios de la COVID-19.<\/p>\n<p>Mientras que los casos activos, entre ambulatorios y hospitalizados, suman mil 740 ubicados en 77 municipios.<\/p>\n<p>Durante la rueda de prensa que encabeza el gobernador Miguel Barbosa Huerta.<\/p>\n<p>El titular de la dependencia agreg\u00f3 que hay 38 personas hospitalizadas por el SARS-CoV-2.<\/p>\n<p>Ademas que de ellas, tres requieren de ventilaci\u00f3n mec\u00e1nica asistida.<\/p>\n<p>Adem\u00e1s de que un paciente falleci\u00f3 a causa de esta enfermedad (66 a\u00f1os, con comorbilidades y sin vacuna).<\/p>\n","protected":false},"excerpt":{"rendered":"<p>Este sector de la poblaci\u00f3n podr\u00e1 acudir este viernes 26 de agosto de 08:00 a 16:00 y el s\u00e1bado 27 de agosto de 08:00 a 14:00 horas Tercera dosis: El titular de la dependencia report\u00f3 109 nuevos contagios y un deceso por la COVID-19 El secretario de Salud, Jos\u00e9 Antonio Mart\u00ednez Garc\u00eda inform\u00f3 que la [&hellip;]<\/p>\n","protected":false},"author":1,"featured_media":8648,"comment_status":"open","ping_status":"closed","sticky":false,"template":"","format":"standard","meta":{"footnotes":""},"categories":[7,11],"tags":[],"class_list":["post-8646","post","type-post","status-publish","format-standard","has-post-thumbnail","hentry","category-nacional","category-salud"],"_links":{"self":[{"href":"https:\/\/podernacional.com\/index.php?rest_route=\/wp\/v2\/posts\/8646","targetHints":{"allow":["GET"]}}],"collection":[{"href":"https:\/\/podernacional.com\/index.php?rest_route=\/wp\/v2\/posts"}],"about":[{"href":"https:\/\/podernacional.com\/index.php?rest_route=\/wp\/v2\/types\/post"}],"author":[{"embeddable":true,"href":"https:\/\/podernacional.com\/index.php?rest_route=\/wp\/v2\/users\/1"}],"replies":[{"embeddable":true,"href":"https:\/\/podernacional.com\/index.php?rest_route=%2Fwp%2Fv2%2Fcomments&post=8646"}],"version-history":[{"count":1,"href":"https:\/\/podernacional.com\/index.php?rest_route=\/wp\/v2\/posts\/8646\/revisions"}],"predecessor-version":[{"id":8647,"href":"https:\/\/podernacional.com\/index.php?rest_route=\/wp\/v2\/posts\/8646\/revisions\/8647"}],"wp:featuredmedia":[{"embeddable":true,"href":"https:\/\/podernacional.com\/index.php?rest_route=\/wp\/v2\/media\/8648"}],"wp:attachment":[{"href":"https:\/\/podernacional.com\/index.php?rest_route=%2Fwp%2Fv2%2Fmedia&parent=8646"}],"wp:term":[{"taxonomy":"category","embeddable":true,"href":"https:\/\/podernacional.com\/index.php?rest_route=%2Fwp%2Fv2%2Fcategories&post=8646"},{"taxonomy":"post_tag","embeddable":true,"href":"https:\/\/podernacional.com\/index.php?rest_route=%2Fwp%2Fv2%2Ftags&post=8646"}],"curies":[{"name":"wp","href":"https:\/\/api.w.org\/{rel}","templated":true}]}}