{"id":8670,"date":"2022-08-29T21:10:24","date_gmt":"2022-08-30T02:10:24","guid":{"rendered":"https:\/\/podernacional.com\/?p=8670"},"modified":"2022-08-30T02:10:26","modified_gmt":"2022-08-30T02:10:26","slug":"genera-gobierno-de-zacatecas-politica-publica-unica-en-mexico-y-en-america-latina-en-desarrollo-de-proveedores","status":"publish","type":"post","link":"https:\/\/podernacional.com\/?p=8670","title":{"rendered":"Genera Gobierno de Zacatecas pol\u00edtica p\u00fablica \u00fanica en M\u00e9xico y en Am\u00e9rica Latina en Desarrollo de Proveedores"},"content":{"rendered":"<h4>En 11 meses se han gestionado siete convenios para el desarrollo e integraci\u00f3n de proveedores zacatecanos.<\/h4>\n<p>Pol\u00edtica p\u00fablica : As\u00ed como con las grandes empresas de los ejes tractores establecidas en la entidad: Secretario de Econom\u00eda<\/p>\n<p>Con el Desarrollo de Proveedores se busca generar m\u00e1s y mejores oportunidades para que todos ganen<\/p>\n<p>El Gobierno del Estado promueve el mejoramiento de las capacidades productivas de las mipymes.<\/p>\n<p>Al igual que\u00a0su vinculaci\u00f3n con las grandes empresas locales y multinacionales<\/p>\n<p>Con el objetivo de vincular e integrar a las mipymes zacatecanas en las grandes cadenas de valor.<\/p>\n<p>Las cuales est\u00e1n impulsadas por las grandes empresas de los ejes tractores Miner\u00eda, Campo, Industria y Turismo.<\/p>\n<p>Ademas que gracias a las gestiones del Gobernador David Monreal \u00c1vila en la Cumbre de Empresarios por la Transformaci\u00f3n de Zacatecas.<\/p>\n<h4>El programa de proveedores locales se fortalece.<\/h4>\n<p>Este programa pone a disposici\u00f3n de las mipymes locales los diferentes mecanismos de apoyo con los que cuenta la Secretar\u00eda de Econom\u00eda.<\/p>\n<p>As\u00ed como de\u00a0sus aliados del sector privado, que les permiten cumplir con los requerimientos de compra de las grandes empresas.<\/p>\n<p>Buscan\u00a0as\u00ed, incrementar sus ventas en el \u00e1mbito nacional e internacional.<\/p>\n<p>En esta nueva gobernanza se ha implementado una pol\u00edtica p\u00fablica \u00fanica en M\u00e9xico y en Am\u00e9rica Latina.<\/p>\n<p>Ademas que al signar convenios de colaboraci\u00f3n entre el Gobierno y las grandes empresas.<\/p>\n<p>De esta manera, la administraci\u00f3n estatal va m\u00e1s all\u00e1 de ser solo un actor regulador y se transforma en un factor estrat\u00e9gico proactivo y vinculante.<\/p>\n<p>Esto\u00a0con acciones de pol\u00edtica p\u00fablica que se despliegan de manera integrada, continua y coherente.<\/p>\n<p>El Secretario de Econom\u00eda, Rodrigo Casta\u00f1eda Miranda, inform\u00f3 que el programa es un esfuerzo con visi\u00f3n de futuro y dise\u00f1ado por el Gobernador David Monreal.<\/p>\n<h4>Mediante el que se persigue que las mipymes generen m\u00e1s y mejores empleos.<\/h4>\n<p>Se estima que por cada empleo de las empresas tractoras, las mipymes que participan en las cadenas de valor y proveedur\u00eda generan dos empleos m\u00e1s.<\/p>\n<p>\u201cEn 11 meses de gobierno hemos logrado negociar siete convenios para el desarrollo e integraci\u00f3n de proveedores zacatecanos\u201d.<\/p>\n<p>\u201cCon las grandes empresas de los ejes tractores establecidas en la entidad\u201d.<\/p>\n<p>\u201cTan s\u00f3lo el Convenio con Newmont representa la vinculaci\u00f3n de 257 proveedores zacatecanos\u201d.<\/p>\n<p>\u201cCon una inversi\u00f3n en contenido local de casi 900 millones de pesos\u201d, mencion\u00f3 el funcionario.<\/p>\n<p>Los convenios no s\u00f3lo benefician a las mipymes y empresas, sino que buscan generar bienestar para la poblaci\u00f3n.<\/p>\n<p>Un ejemplo de ello es el acuerdo gestionado con Home Depot, que incluye programas de responsabilidad social.<\/p>\n<p>As\u00ed como de capacitaci\u00f3n en oficios a personas de colonias marginadas.<\/p>\n<p>Al igual que de la donaci\u00f3n en especie de pintura y material para rescate de zonas de atenci\u00f3n prioritaria.<\/p>\n<p>El Gobierno de Zacatecas reafirma su disposici\u00f3n de trabajar en conjunto.<\/p>\n<p>As\u00ed como de trazar nuevas posibilidades de desarrollo y bienestar para todas y todos, puntualiz\u00f3 Casta\u00f1eda Miranda.<\/p>\n","protected":false},"excerpt":{"rendered":"<p>En 11 meses se han gestionado siete convenios para el desarrollo e integraci\u00f3n de proveedores zacatecanos. Pol\u00edtica p\u00fablica : As\u00ed como con las grandes empresas de los ejes tractores establecidas en la entidad: Secretario de Econom\u00eda Con el Desarrollo de Proveedores se busca generar m\u00e1s y mejores oportunidades para que todos ganen El Gobierno del [&hellip;]<\/p>\n","protected":false},"author":1,"featured_media":8672,"comment_status":"open","ping_status":"closed","sticky":false,"template":"","format":"standard","meta":{"footnotes":""},"categories":[7,9],"tags":[],"class_list":["post-8670","post","type-post","status-publish","format-standard","has-post-thumbnail","hentry","category-nacional","category-politica"],"_links":{"self":[{"href":"https:\/\/podernacional.com\/index.php?rest_route=\/wp\/v2\/posts\/8670","targetHints":{"allow":["GET"]}}],"collection":[{"href":"https:\/\/podernacional.com\/index.php?rest_route=\/wp\/v2\/posts"}],"about":[{"href":"https:\/\/podernacional.com\/index.php?rest_route=\/wp\/v2\/types\/post"}],"author":[{"embeddable":true,"href":"https:\/\/podernacional.com\/index.php?rest_route=\/wp\/v2\/users\/1"}],"replies":[{"embeddable":true,"href":"https:\/\/podernacional.com\/index.php?rest_route=%2Fwp%2Fv2%2Fcomments&post=8670"}],"version-history":[{"count":1,"href":"https:\/\/podernacional.com\/index.php?rest_route=\/wp\/v2\/posts\/8670\/revisions"}],"predecessor-version":[{"id":8671,"href":"https:\/\/podernacional.com\/index.php?rest_route=\/wp\/v2\/posts\/8670\/revisions\/8671"}],"wp:featuredmedia":[{"embeddable":true,"href":"https:\/\/podernacional.com\/index.php?rest_route=\/wp\/v2\/media\/8672"}],"wp:attachment":[{"href":"https:\/\/podernacional.com\/index.php?rest_route=%2Fwp%2Fv2%2Fmedia&parent=8670"}],"wp:term":[{"taxonomy":"category","embeddable":true,"href":"https:\/\/podernacional.com\/index.php?rest_route=%2Fwp%2Fv2%2Fcategories&post=8670"},{"taxonomy":"post_tag","embeddable":true,"href":"https:\/\/podernacional.com\/index.php?rest_route=%2Fwp%2Fv2%2Ftags&post=8670"}],"curies":[{"name":"wp","href":"https:\/\/api.w.org\/{rel}","templated":true}]}}