{"id":8673,"date":"2022-08-29T21:15:39","date_gmt":"2022-08-30T02:15:39","guid":{"rendered":"https:\/\/podernacional.com\/?p=8673"},"modified":"2022-08-30T02:15:41","modified_gmt":"2022-08-30T02:15:41","slug":"realiza-gobierno-de-zacatecas-encuentro-interestatal-para-la-prevencion-del-delito","status":"publish","type":"post","link":"https:\/\/podernacional.com\/?p=8673","title":{"rendered":"Realiza Gobierno de Zacatecas encuentro interestatal para la prevenci\u00f3n del delito"},"content":{"rendered":"<h4>Necesario fortalecer pol\u00edticas que resuelvan los problemas que originan la violencia, coinciden autoridades<\/h4>\n<p>Prevenci\u00f3n del delito: El Gobierno de David Monreal impulsa como eje central la prevenci\u00f3n social del delito para fortalecer la cultura de paz en Zacatecas<\/p>\n<p>El Gobierno de Zacatecas realiz\u00f3 el primer Encuentro Interestatal de Prevenci\u00f3n Social del Delito y Participaci\u00f3n Ciudadana.<\/p>\n<p>Esto\u00a0con el fin de crear un espacio para reflexionar y plantear estrategias que ayuden a fortalecer la cultura de paz en M\u00e9xico.<\/p>\n<p>En representaci\u00f3n del Gobernador David Monreal \u00c1vila, el Subsecretario de Prevenci\u00f3n Social del Delito, Manuel Ibarra Santos.<\/p>\n<p>Ademas que se\u00a0explic\u00f3 a las y los presentes que, en el Poder Ejecutivo de Zacatecas.<\/p>\n<h4>As\u00ed como de la prevenci\u00f3n social del delito es una pol\u00edtica central que se aplica de manera transversal en todas las \u00e1reas.<\/h4>\n<p>Por lo anterior, dijo, es necesario integrar de manera permanente a la sociedad civil organizada, estancias educativas y al sector empresarial.<\/p>\n<p>Ya que \u201cs\u00f3lo la suma de esfuerzos nos podr\u00e1 redituar resultados positivos\u201d.<\/p>\n<p>\u201cLas pol\u00edticas responsables y eficaces de prevenci\u00f3n social de delito mejoran la calidad de vida de los ciudadanos.<\/p>\n<p>Adem\u00e1s, reducen costos relacionados con los servicios que presta el sistema de justicia penal\u201d, agreg\u00f3 Ibarra Santos.<\/p>\n<p>Por su parte, el investigador del Instituto Nacional de Ciencias Penales, Emilio Daniel Cunjama L\u00f3pez.<\/p>\n<p>Con esto se expres\u00f3 que en M\u00e9xico se deben crear m\u00e1s espacios como este encuentro interestatal.<\/p>\n<p>As\u00ed como que puesto que ayudan a crear una red de colaboraci\u00f3n para dise\u00f1ar pol\u00edticas p\u00fablicas que busquen inhibir la comisi\u00f3n de delitos.<\/p>\n<p>\u201cPor mucho tiempo, el combate a la violencia ha tenido una trama reactiva y combativa\u201d.<\/p>\n<p>\u201cMientras que a la prevenci\u00f3n social no se le tomaba en cuenta\u201d.<\/p>\n<p>\u201cA\u00a0pesar de que este recurso va m\u00e1s all\u00e1 de administrar el delito, sino que resuelve los problemas que originan la delincuencia\u201d, enfatiz\u00f3.<\/p>\n","protected":false},"excerpt":{"rendered":"<p>Necesario fortalecer pol\u00edticas que resuelvan los problemas que originan la violencia, coinciden autoridades Prevenci\u00f3n del delito: El Gobierno de David Monreal impulsa como eje central la prevenci\u00f3n social del delito para fortalecer la cultura de paz en Zacatecas El Gobierno de Zacatecas realiz\u00f3 el primer Encuentro Interestatal de Prevenci\u00f3n Social del Delito y Participaci\u00f3n Ciudadana. [&hellip;]<\/p>\n","protected":false},"author":1,"featured_media":8675,"comment_status":"open","ping_status":"closed","sticky":false,"template":"","format":"standard","meta":{"footnotes":""},"categories":[8,9],"tags":[],"class_list":["post-8673","post","type-post","status-publish","format-standard","has-post-thumbnail","hentry","category-policia","category-politica"],"_links":{"self":[{"href":"https:\/\/podernacional.com\/index.php?rest_route=\/wp\/v2\/posts\/8673","targetHints":{"allow":["GET"]}}],"collection":[{"href":"https:\/\/podernacional.com\/index.php?rest_route=\/wp\/v2\/posts"}],"about":[{"href":"https:\/\/podernacional.com\/index.php?rest_route=\/wp\/v2\/types\/post"}],"author":[{"embeddable":true,"href":"https:\/\/podernacional.com\/index.php?rest_route=\/wp\/v2\/users\/1"}],"replies":[{"embeddable":true,"href":"https:\/\/podernacional.com\/index.php?rest_route=%2Fwp%2Fv2%2Fcomments&post=8673"}],"version-history":[{"count":1,"href":"https:\/\/podernacional.com\/index.php?rest_route=\/wp\/v2\/posts\/8673\/revisions"}],"predecessor-version":[{"id":8674,"href":"https:\/\/podernacional.com\/index.php?rest_route=\/wp\/v2\/posts\/8673\/revisions\/8674"}],"wp:featuredmedia":[{"embeddable":true,"href":"https:\/\/podernacional.com\/index.php?rest_route=\/wp\/v2\/media\/8675"}],"wp:attachment":[{"href":"https:\/\/podernacional.com\/index.php?rest_route=%2Fwp%2Fv2%2Fmedia&parent=8673"}],"wp:term":[{"taxonomy":"category","embeddable":true,"href":"https:\/\/podernacional.com\/index.php?rest_route=%2Fwp%2Fv2%2Fcategories&post=8673"},{"taxonomy":"post_tag","embeddable":true,"href":"https:\/\/podernacional.com\/index.php?rest_route=%2Fwp%2Fv2%2Ftags&post=8673"}],"curies":[{"name":"wp","href":"https:\/\/api.w.org\/{rel}","templated":true}]}}