{"id":8682,"date":"2022-08-29T21:27:30","date_gmt":"2022-08-30T02:27:30","guid":{"rendered":"https:\/\/podernacional.com\/?p=8682"},"modified":"2022-08-30T02:27:32","modified_gmt":"2022-08-30T02:27:32","slug":"salud-auditiva-la-campana-de-prevencion-detecto-28-de-hipoacusias","status":"publish","type":"post","link":"https:\/\/podernacional.com\/?p=8682","title":{"rendered":"Salud auditiva: la campa\u00f1a de prevenci\u00f3n detect\u00f3 28 % de hipoacusias"},"content":{"rendered":"<h4>Las jornadas de concientizaci\u00f3n se realizaron en las dos sedes barriales de la DEM.<\/h4>\n<p>Salud auditiva: La comunidad accedi\u00f3 a folleter\u00eda, charlas y ex\u00e1menes cl\u00ednicos espec\u00edficos.<\/p>\n<p>Adultos y ni\u00f1os que presentaron dificultades obtuvieron turnos para continuar tratamiento.<\/p>\n<p>Con el fin de tomar conciencia de la salud hipoac\u00fasica y promover buenos h\u00e1bitos, la Municipalidad de C\u00f3rdoba.<\/p>\n<p>Ademas que a trav\u00e9s de la Secretar\u00eda de Prevenci\u00f3n y Atenci\u00f3n en Salud Comunitaria.<\/p>\n<p>Por ende se desarroll\u00f3 \u00a0una nueva edici\u00f3n de la Campa\u00f1a de detecci\u00f3n precoz de problemas de audici\u00f3n.<\/p>\n<p>La exposici\u00f3n prolongada a ruidos fuertes, la contaminaci\u00f3n ac\u00fastica de las actividades industriales, el abuso de medicamentos.<\/p>\n<p>Al igual que las infecciones a repetici\u00f3n o la falta de vacunas son algunos de los factores que pueden afectar la salud auditiva.<\/p>\n<h4>Y con esto la calidad de vida.<\/h4>\n<p>La iniciativa tuvo gran respuesta del p\u00fablico y se desasrroll\u00f3 en las dos sedes barriales de la Direcci\u00f3n de Especialidades M\u00e9dicas (DEM).<\/p>\n<p>Igualmente en la de Zona Norte (Anacreonte y Jujuy) y en la de Zona Oeste (Dean Funes 2000).<\/p>\n<p>Lo que permiti\u00f3 detectar un 28% de hipoacusias de leves a moderadas.<\/p>\n<p>En todos los casos, quienes presentaron dificultades salieron del consultorio con turnos asignados para posterior seguimiento y control.<\/p>\n<p>La acci\u00f3n sociosanitaria se concentr\u00f3 en tres jornadas de puertas abiertas.<\/p>\n<p>Los equipos de Fonoaudiolog\u00eda y de ORL junto con el personal sanitario local compartieron:<\/p>\n<p>Informaci\u00f3n, folleter\u00eda, charlas, y habilitaron los consultorios para ex\u00e1menes cl\u00ednicos espec\u00edficos.<\/p>\n<p>Por demanda espont\u00e1nea, sin turno previo, se practicaron audiometr\u00edas y estudios de otoemisiones ac\u00fasticas a beb\u00e9s y ni\u00f1os menores de 5 a\u00f1os.<\/p>\n<h4>Chequeo general<\/h4>\n<p>Adem\u00e1s de promover la salud auditiva, esta acci\u00f3n de la Secretar\u00eda de Prevenci\u00f3n y Atenci\u00f3n en Salud Comunitaria.<\/p>\n<p>El cual se enmarca en la necesidad reforzar el primer nivel de atenci\u00f3n de la poblaci\u00f3n luego de la crisis de Covid-19.<\/p>\n<p>Por ello, adultos y ni\u00f1os comenzaron el circuito con un control de enfermer\u00eda (talla, peso, presi\u00f3n arterial y glucemia).<\/p>\n<p>Lugar donde accedieron tambi\u00e9n a completar los esquemas de vacunaci\u00f3n obligatoria.<\/p>\n","protected":false},"excerpt":{"rendered":"<p>Las jornadas de concientizaci\u00f3n se realizaron en las dos sedes barriales de la DEM. Salud auditiva: La comunidad accedi\u00f3 a folleter\u00eda, charlas y ex\u00e1menes cl\u00ednicos espec\u00edficos. Adultos y ni\u00f1os que presentaron dificultades obtuvieron turnos para continuar tratamiento. Con el fin de tomar conciencia de la salud hipoac\u00fasica y promover buenos h\u00e1bitos, la Municipalidad de C\u00f3rdoba. [&hellip;]<\/p>\n","protected":false},"author":1,"featured_media":8684,"comment_status":"open","ping_status":"closed","sticky":false,"template":"","format":"standard","meta":{"footnotes":""},"categories":[7,11],"tags":[],"class_list":["post-8682","post","type-post","status-publish","format-standard","has-post-thumbnail","hentry","category-nacional","category-salud"],"_links":{"self":[{"href":"https:\/\/podernacional.com\/index.php?rest_route=\/wp\/v2\/posts\/8682","targetHints":{"allow":["GET"]}}],"collection":[{"href":"https:\/\/podernacional.com\/index.php?rest_route=\/wp\/v2\/posts"}],"about":[{"href":"https:\/\/podernacional.com\/index.php?rest_route=\/wp\/v2\/types\/post"}],"author":[{"embeddable":true,"href":"https:\/\/podernacional.com\/index.php?rest_route=\/wp\/v2\/users\/1"}],"replies":[{"embeddable":true,"href":"https:\/\/podernacional.com\/index.php?rest_route=%2Fwp%2Fv2%2Fcomments&post=8682"}],"version-history":[{"count":1,"href":"https:\/\/podernacional.com\/index.php?rest_route=\/wp\/v2\/posts\/8682\/revisions"}],"predecessor-version":[{"id":8683,"href":"https:\/\/podernacional.com\/index.php?rest_route=\/wp\/v2\/posts\/8682\/revisions\/8683"}],"wp:featuredmedia":[{"embeddable":true,"href":"https:\/\/podernacional.com\/index.php?rest_route=\/wp\/v2\/media\/8684"}],"wp:attachment":[{"href":"https:\/\/podernacional.com\/index.php?rest_route=%2Fwp%2Fv2%2Fmedia&parent=8682"}],"wp:term":[{"taxonomy":"category","embeddable":true,"href":"https:\/\/podernacional.com\/index.php?rest_route=%2Fwp%2Fv2%2Fcategories&post=8682"},{"taxonomy":"post_tag","embeddable":true,"href":"https:\/\/podernacional.com\/index.php?rest_route=%2Fwp%2Fv2%2Ftags&post=8682"}],"curies":[{"name":"wp","href":"https:\/\/api.w.org\/{rel}","templated":true}]}}