{"id":8700,"date":"2022-08-30T17:00:26","date_gmt":"2022-08-30T22:00:26","guid":{"rendered":"https:\/\/podernacional.com\/?p=8700"},"modified":"2022-08-30T22:00:27","modified_gmt":"2022-08-30T22:00:27","slug":"rescata-gobierno-de-zacatecas-documentos-historicos-del-poder-judicial","status":"publish","type":"post","link":"https:\/\/podernacional.com\/?p=8700","title":{"rendered":"Rescata Gobierno de Zacatecas documentos hist\u00f3ricos del Poder Judicial"},"content":{"rendered":"<h4>El acervo se encontraba sin identificar desde el a\u00f1o 2006<\/h4>\n<p>Poder Judicial: La Direcci\u00f3n General de Archivos trabaja en enriquecer el volumen de expedientes abiertos a consulta<\/p>\n<p><a href=\"https:\/\/www.zacatecas.gob.mx\/\">Zacatecas<\/a>, Zac., Agosto de 2022.- El Gobierno de Zacatecas, que encabeza el mandatario David Monreal \u00c1vila.<\/p>\n<p>Lo cual menciona que se rescat\u00f3 un total de 187 cajas con documentos hist\u00f3ricos del Poder Judicial, de los siglos XIX y XX.<\/p>\n<p>De los cuales se encontraban sin identificar desde el a\u00f1o 2006, en el Archivo Hist\u00f3rico del Estado de Zacatecas.<\/p>\n<p>El titular de la Direcci\u00f3n General de Archivos, H\u00e9ctor Menchaca Medrano, inform\u00f3 que, tras identificar el acervo documental.<\/p>\n<p>As\u00ed como de\u00a0personal de esta dependencia trabaja en el traslado de los expedientes para que, en una segunda etapa, sean catalogados.<\/p>\n<h4>Al igual que sean\u00a0abiertos a consulta.<\/h4>\n<p>\u201cLa documentaci\u00f3n se integrar\u00e1 paulatinamente al Fondo del Poder Judicial, mismo que es resguardado por la Direcci\u00f3n General\u201d.<\/p>\n<p>\u201cA\u00a0trav\u00e9s de su Archivo Hist\u00f3rico; este fondo es uno de los acervos m\u00e1s extensos y solicitados\u201d.<\/p>\n<p>\u201cYa que da cuenta de la evoluci\u00f3n del Estado de derecho en Zacatecas\u201d, agreg\u00f3 Menchaca Medrano.<\/p>\n<p>A partir de 2006, los documentos en menci\u00f3n hab\u00edan permanecido sin identificar, debido al cambio de sede del Archivo Hist\u00f3rico.<\/p>\n<p>Ademas\u00a0que en aquel entonces se localizaba en el Museo Virreinal de Guadalupe.<\/p>\n<p>As\u00ed que ahora opera desde las instalaciones del Instituto Zacatecano de Cultura (IZC) \u201cRam\u00f3n L\u00f3pez Velarde\u201d.<\/p>\n<p>La reubicaci\u00f3n tambi\u00e9n permitir\u00e1 cuantificar el total de expedientes que se encuentran en las 187 cajas,<\/p>\n<p>Lo cual una acci\u00f3n que vendr\u00e1 a robustecer el rico patrimonio documental que ofrece la Direcci\u00f3n General de Archivos a la comunidad.<\/p>\n<p>De dichos\u00a0investigadores de M\u00e9xico, concluy\u00f3 H\u00e9ctor Menchaca.<\/p>\n","protected":false},"excerpt":{"rendered":"<p>El acervo se encontraba sin identificar desde el a\u00f1o 2006 Poder Judicial: La Direcci\u00f3n General de Archivos trabaja en enriquecer el volumen de expedientes abiertos a consulta Zacatecas, Zac., Agosto de 2022.- El Gobierno de Zacatecas, que encabeza el mandatario David Monreal \u00c1vila. Lo cual menciona que se rescat\u00f3 un total de 187 cajas con [&hellip;]<\/p>\n","protected":false},"author":1,"featured_media":8702,"comment_status":"open","ping_status":"closed","sticky":false,"template":"","format":"standard","meta":{"footnotes":""},"categories":[2,7,9],"tags":[],"class_list":["post-8700","post","type-post","status-publish","format-standard","has-post-thumbnail","hentry","category-cultural","category-nacional","category-politica"],"_links":{"self":[{"href":"https:\/\/podernacional.com\/index.php?rest_route=\/wp\/v2\/posts\/8700","targetHints":{"allow":["GET"]}}],"collection":[{"href":"https:\/\/podernacional.com\/index.php?rest_route=\/wp\/v2\/posts"}],"about":[{"href":"https:\/\/podernacional.com\/index.php?rest_route=\/wp\/v2\/types\/post"}],"author":[{"embeddable":true,"href":"https:\/\/podernacional.com\/index.php?rest_route=\/wp\/v2\/users\/1"}],"replies":[{"embeddable":true,"href":"https:\/\/podernacional.com\/index.php?rest_route=%2Fwp%2Fv2%2Fcomments&post=8700"}],"version-history":[{"count":1,"href":"https:\/\/podernacional.com\/index.php?rest_route=\/wp\/v2\/posts\/8700\/revisions"}],"predecessor-version":[{"id":8701,"href":"https:\/\/podernacional.com\/index.php?rest_route=\/wp\/v2\/posts\/8700\/revisions\/8701"}],"wp:featuredmedia":[{"embeddable":true,"href":"https:\/\/podernacional.com\/index.php?rest_route=\/wp\/v2\/media\/8702"}],"wp:attachment":[{"href":"https:\/\/podernacional.com\/index.php?rest_route=%2Fwp%2Fv2%2Fmedia&parent=8700"}],"wp:term":[{"taxonomy":"category","embeddable":true,"href":"https:\/\/podernacional.com\/index.php?rest_route=%2Fwp%2Fv2%2Fcategories&post=8700"},{"taxonomy":"post_tag","embeddable":true,"href":"https:\/\/podernacional.com\/index.php?rest_route=%2Fwp%2Fv2%2Ftags&post=8700"}],"curies":[{"name":"wp","href":"https:\/\/api.w.org\/{rel}","templated":true}]}}