{"id":8706,"date":"2022-08-30T17:07:58","date_gmt":"2022-08-30T22:07:58","guid":{"rendered":"https:\/\/podernacional.com\/?p=8706"},"modified":"2022-08-30T22:08:00","modified_gmt":"2022-08-30T22:08:00","slug":"la-educacion-nos-permitira-transformar-zacatecas-gobernador-david-monreal-avila","status":"publish","type":"post","link":"https:\/\/podernacional.com\/?p=8706","title":{"rendered":"\u201cLa educaci\u00f3n nos permitir\u00e1 transformar Zacatecas\u201d: Gobernador David Monreal \u00c1vila"},"content":{"rendered":"<h4>La construcci\u00f3n de la paz va de la mano con la educaci\u00f3n<\/h4>\n<p>Educaci\u00f3n: Se instal\u00f3 la Mesa de Construcci\u00f3n de Paz y Seguridad en Zacatecas<\/p>\n<p>Trinidad Garc\u00eda de la Cadena, Zac., Agosto 2022.- La \u00fanica herramienta que permite a un pueblo avanzar.<\/p>\n<p>As\u00ed como de lograr su transformaci\u00f3n es la educaci\u00f3n, afirm\u00f3 el Gobernador David Monreal \u00c1vila al encabezar los Honores a la Bandera.<\/p>\n<p>Esto ocurriendo en el sur del estado.<\/p>\n<p>Por ello, dijo, hemos apostado a que los maestros y los mismos padres.<\/p>\n<p>Al igual que de madres de familia se sumen a esta gran cruzada que hemos emprendido por la educaci\u00f3n de Zacatecas.<\/p>\n<p>En el jard\u00edn principal de Trinidad Garc\u00eda de la Cadena.<\/p>\n<p>El Gobernador de Zacatecas resalt\u00f3 que la construcci\u00f3n de la paz va de la mano con la educaci\u00f3n.<\/p>\n<p>En el acto militar de Honores a la Bandera, en el que estuvieron presentes estudiantes, docentes, madres y padres de familia.<\/p>\n<h4>Lo cual menciona que se\u00a0destac\u00f3 la importancia de fortalecer los valores c\u00edvicos y sociales.<\/h4>\n<p>Luego de ello, dio inici\u00f3 la instalaci\u00f3n de la Mesa de Construcci\u00f3n de Paz y Seguridad en Zacatecas.<\/p>\n<p>En dicha reuni\u00f3n, entre autoridades militares y de seguridad.<\/p>\n<p>Ademas que se revis\u00f3 el estado que guarda la seguridad en este municipio y esta regi\u00f3n de Zacatecas.<\/p>\n<p>As\u00ed tambi\u00e9n, se establecieron acciones de prevenci\u00f3n del delito y reforzamiento de las acciones que permitan lograr la paz.<\/p>\n<p>En el acto estuvieron presentes Francisco Javier Moreno Carrillo, del 53 Batall\u00f3n de Infanter\u00eda.<\/p>\n<p>Fernando Carmona Pi\u00f1a, de la Guardia Nacional; Homero Osvaldo Ram\u00edrez, vicefiscal General de Justicia del Estado.<\/p>\n<p>Tambi\u00e9n Adolfo Mar\u00edn Mar\u00edn, secretario de Seguridad P\u00fablica; Osvaldo Cerrillo Garza, secretario de la Mesa de Construcci\u00f3n de Paz y Seguridad.<\/p>\n<p>Maribel Villalpando Haro, secretaria de Educaci\u00f3n y Arcelia Muro Guzm\u00e1n, alcaldesa de Trinidad Garc\u00eda de la Cadena.<\/p>\n","protected":false},"excerpt":{"rendered":"<p>La construcci\u00f3n de la paz va de la mano con la educaci\u00f3n Educaci\u00f3n: Se instal\u00f3 la Mesa de Construcci\u00f3n de Paz y Seguridad en Zacatecas Trinidad Garc\u00eda de la Cadena, Zac., Agosto 2022.- La \u00fanica herramienta que permite a un pueblo avanzar. As\u00ed como de lograr su transformaci\u00f3n es la educaci\u00f3n, afirm\u00f3 el Gobernador David [&hellip;]<\/p>\n","protected":false},"author":1,"featured_media":8708,"comment_status":"open","ping_status":"closed","sticky":false,"template":"","format":"standard","meta":{"footnotes":""},"categories":[7,9],"tags":[],"class_list":["post-8706","post","type-post","status-publish","format-standard","has-post-thumbnail","hentry","category-nacional","category-politica"],"_links":{"self":[{"href":"https:\/\/podernacional.com\/index.php?rest_route=\/wp\/v2\/posts\/8706","targetHints":{"allow":["GET"]}}],"collection":[{"href":"https:\/\/podernacional.com\/index.php?rest_route=\/wp\/v2\/posts"}],"about":[{"href":"https:\/\/podernacional.com\/index.php?rest_route=\/wp\/v2\/types\/post"}],"author":[{"embeddable":true,"href":"https:\/\/podernacional.com\/index.php?rest_route=\/wp\/v2\/users\/1"}],"replies":[{"embeddable":true,"href":"https:\/\/podernacional.com\/index.php?rest_route=%2Fwp%2Fv2%2Fcomments&post=8706"}],"version-history":[{"count":1,"href":"https:\/\/podernacional.com\/index.php?rest_route=\/wp\/v2\/posts\/8706\/revisions"}],"predecessor-version":[{"id":8707,"href":"https:\/\/podernacional.com\/index.php?rest_route=\/wp\/v2\/posts\/8706\/revisions\/8707"}],"wp:featuredmedia":[{"embeddable":true,"href":"https:\/\/podernacional.com\/index.php?rest_route=\/wp\/v2\/media\/8708"}],"wp:attachment":[{"href":"https:\/\/podernacional.com\/index.php?rest_route=%2Fwp%2Fv2%2Fmedia&parent=8706"}],"wp:term":[{"taxonomy":"category","embeddable":true,"href":"https:\/\/podernacional.com\/index.php?rest_route=%2Fwp%2Fv2%2Fcategories&post=8706"},{"taxonomy":"post_tag","embeddable":true,"href":"https:\/\/podernacional.com\/index.php?rest_route=%2Fwp%2Fv2%2Ftags&post=8706"}],"curies":[{"name":"wp","href":"https:\/\/api.w.org\/{rel}","templated":true}]}}