{"id":8709,"date":"2022-08-30T17:13:18","date_gmt":"2022-08-30T22:13:18","guid":{"rendered":"https:\/\/podernacional.com\/?p=8709"},"modified":"2022-08-30T22:13:20","modified_gmt":"2022-08-30T22:13:20","slug":"quintana-roo-alcanza-expectativas-turisticas-al-cierre-del-verano-cierre-del-verano","status":"publish","type":"post","link":"https:\/\/podernacional.com\/?p=8709","title":{"rendered":"Quintana Roo alcanza expectativas tur\u00edsticas al cierre del verano\u00a0cierre del verano"},"content":{"rendered":"<h4>Sedetur estim\u00f3 que en la presente temporada vacacional se captar\u00edan 3.5 millones de visitantes, 13% m\u00e1s que el a\u00f1o pasado.<\/h4>\n<p>Quintana Roo: As\u00ed como destinos como Canc\u00fan y Riviera Maya recibir\u00e1n la mayor cantidad de viajeros, con 1.4 y 1.1 millones respectivamente.<\/p>\n<p><a href=\"https:\/\/www.caribemexicano.travel\/cancun\/\">Canc\u00fan<\/a>, QR. Los destinos del Caribe mexicano reportaron ocupaci\u00f3n hotelera de acuerdo con las expectativas previstas.<\/p>\n<p>Como con Isla Mujeres como primer lugar a nivel estatal.<\/p>\n<p>Con ello, se est\u00e1 cerrando la temporada de verano, confirm\u00f3 el Consejo de Promoci\u00f3n Tur\u00edstica de Quintana Roo (CPTQ).<\/p>\n<p>La Secretar\u00eda de Turismo (Sedetur) estatal estim\u00f3 que en la presente temporada vacacional se captar\u00edan 3.5 millones de visitantes.<\/p>\n<p>As\u00ed como del\u00a013% m\u00e1s que el a\u00f1o pasado, y que destinos como Canc\u00fan y Riviera Maya recibir\u00e1n la mayor cantidad de paseantes.<\/p>\n<p>Ademas que\u00a0con 1.4 y 1.1 millones respectivamente.<\/p>\n<h4>Esto significa que se captaron por lo menos 500,000 turistas m\u00e1s respecto al verano del 2021.<\/h4>\n<p>Cuando se recibieron 3 millones de visitantes, seg\u00fan las cifras de la Sedetur.<\/p>\n<p>El Coordinador de Comunicaci\u00f3n Social del gobierno de Quintana Roo, Fernando Mora Guill\u00e9n, asegur\u00f3 que \u201cse rebas\u00f3 toda proyecci\u00f3n para esta temporada vacacional\u201d.<\/p>\n<p>Mientras que la Secretar\u00eda de Turismo estatal, a cargo de Bernardo Cueto Riestra.<\/p>\n<p>Ademas que se asegur\u00f3 que ser\u00e1 en la segunda semana de septiembre cuando se pueda hacer el corte de los datos finales de esta temporada.<\/p>\n<p>En tanto, Miguel Torruco Marqu\u00e9s, secretario federal de Turismo, comparti\u00f3 en sus cuentas oficiales de redes sociales que durante la semana 33.<\/p>\n<p>Lo cual\u00a0corresponde los d\u00edas 15 al 21 de agosto, Canc\u00fan obtuvo el mayor nivel de ocupaci\u00f3n con 82.5%.<\/p>\n<p>De ah\u00ed le siguen Los Cabos con 76.8% y Puerto Vallarta con 69.3%.<\/p>\n<p>Al cierre de la semana, vacacionaban en Quintana Roo 369,718 turistas.<\/p>\n<p>\u201cSe cumplieron lo que hab\u00edamos proyectado, con ocupaciones de entre 80 y 90 %\u201d.<\/p>\n<p>\u201cCon esto\u00a0esperamos para los meses que vienen de temporada baja estar entre 60 y 70%\u201d.<\/p>\n<p>\u201cPara una temporada baja no es nada mal y n\u00fameros de asientos programados para las aerol\u00edneas\u201d.<\/p>\n<p>\u201cAunque para los meses que siguen de aqu\u00ed a fin de a\u00f1o\u201d.<\/p>\n<p>\u201cLo cual\u00a0nos permiten asegurar con un nivel de ocupaci\u00f3n inclusive moderado, que nos van a permitir tener crecimiento\u201d, coment\u00f3 Cueto Riestra.<\/p>\n","protected":false},"excerpt":{"rendered":"<p>Sedetur estim\u00f3 que en la presente temporada vacacional se captar\u00edan 3.5 millones de visitantes, 13% m\u00e1s que el a\u00f1o pasado. Quintana Roo: As\u00ed como destinos como Canc\u00fan y Riviera Maya recibir\u00e1n la mayor cantidad de viajeros, con 1.4 y 1.1 millones respectivamente. Canc\u00fan, QR. Los destinos del Caribe mexicano reportaron ocupaci\u00f3n hotelera de acuerdo con [&hellip;]<\/p>\n","protected":false},"author":1,"featured_media":8711,"comment_status":"open","ping_status":"closed","sticky":false,"template":"","format":"standard","meta":{"footnotes":""},"categories":[6,10],"tags":[],"class_list":["post-8709","post","type-post","status-publish","format-standard","has-post-thumbnail","hentry","category-local","category-quintana-roo"],"_links":{"self":[{"href":"https:\/\/podernacional.com\/index.php?rest_route=\/wp\/v2\/posts\/8709","targetHints":{"allow":["GET"]}}],"collection":[{"href":"https:\/\/podernacional.com\/index.php?rest_route=\/wp\/v2\/posts"}],"about":[{"href":"https:\/\/podernacional.com\/index.php?rest_route=\/wp\/v2\/types\/post"}],"author":[{"embeddable":true,"href":"https:\/\/podernacional.com\/index.php?rest_route=\/wp\/v2\/users\/1"}],"replies":[{"embeddable":true,"href":"https:\/\/podernacional.com\/index.php?rest_route=%2Fwp%2Fv2%2Fcomments&post=8709"}],"version-history":[{"count":1,"href":"https:\/\/podernacional.com\/index.php?rest_route=\/wp\/v2\/posts\/8709\/revisions"}],"predecessor-version":[{"id":8710,"href":"https:\/\/podernacional.com\/index.php?rest_route=\/wp\/v2\/posts\/8709\/revisions\/8710"}],"wp:featuredmedia":[{"embeddable":true,"href":"https:\/\/podernacional.com\/index.php?rest_route=\/wp\/v2\/media\/8711"}],"wp:attachment":[{"href":"https:\/\/podernacional.com\/index.php?rest_route=%2Fwp%2Fv2%2Fmedia&parent=8709"}],"wp:term":[{"taxonomy":"category","embeddable":true,"href":"https:\/\/podernacional.com\/index.php?rest_route=%2Fwp%2Fv2%2Fcategories&post=8709"},{"taxonomy":"post_tag","embeddable":true,"href":"https:\/\/podernacional.com\/index.php?rest_route=%2Fwp%2Fv2%2Ftags&post=8709"}],"curies":[{"name":"wp","href":"https:\/\/api.w.org\/{rel}","templated":true}]}}