{"id":871,"date":"2020-08-08T03:26:21","date_gmt":"2020-08-08T03:26:21","guid":{"rendered":"http:\/\/whatsappcancun.com\/?p=871"},"modified":"2020-08-08T03:26:21","modified_gmt":"2020-08-08T03:26:21","slug":"en-india-un-avion-con-191-pasajeros-se-parte-en-dos","status":"publish","type":"post","link":"https:\/\/podernacional.com\/?p=871","title":{"rendered":"En India, un avi\u00f3n con 191 pasajeros se parte en dos"},"content":{"rendered":"\n<p>De acuerdo con medios locales, en el avi\u00f3n iban a bordo cerca de 200 personas, de las cuales hasta el momento \u00fanicamente se ha confirmado el deceso de dos personas y 35 heridos.<\/p>\n\n\n\n<p><strong>Un avi\u00f3n<\/strong>&nbsp;de Air India<strong>&nbsp;se parti\u00f3 en dos<\/strong>&nbsp;luego de aterrizar en el aeropuerto de<strong>&nbsp;Calcuta<\/strong>, en el estado de Kerala, en India.<\/p>\n\n\n\n<p>De acuerdo con medios locales, en el avi\u00f3n iban a bordo cerca de 200 personas, de las cuales hasta el momento \u00fanicamente<strong>&nbsp;se ha confirmado el deceso de dos personas y<\/strong>&nbsp;<strong>35 heridos<\/strong>.<\/p>\n\n\n\n<p>El aparato, procedente de Dubai, se sali\u00f3 de la pista en el aeropuerto tras aterrizar, en torno a las 19:00 horas en medio de una intensa lluvia sobre la zona.<\/p>\n\n\n\n<p>Autoridades est\u00e1n realizando labores de b\u00fasqueda y rescate, con servicios de emergencia sobre la marcha.<\/p>\n","protected":false},"excerpt":{"rendered":"<p>De acuerdo con medios locales, en el avi\u00f3n iban a bordo cerca de 200 personas, de las cuales hasta el momento \u00fanicamente se ha confirmado el deceso de dos personas y 35 heridos. Un avi\u00f3n&nbsp;de Air India&nbsp;se parti\u00f3 en dos&nbsp;luego de aterrizar en el aeropuerto de&nbsp;Calcuta, en el estado de Kerala, en India. De acuerdo [&hellip;]<\/p>\n","protected":false},"author":1,"featured_media":872,"comment_status":"open","ping_status":"open","sticky":false,"template":"","format":"standard","meta":{"footnotes":""},"categories":[5],"tags":[],"class_list":["post-871","post","type-post","status-publish","format-standard","has-post-thumbnail","hentry","category-internacional"],"_links":{"self":[{"href":"https:\/\/podernacional.com\/index.php?rest_route=\/wp\/v2\/posts\/871","targetHints":{"allow":["GET"]}}],"collection":[{"href":"https:\/\/podernacional.com\/index.php?rest_route=\/wp\/v2\/posts"}],"about":[{"href":"https:\/\/podernacional.com\/index.php?rest_route=\/wp\/v2\/types\/post"}],"author":[{"embeddable":true,"href":"https:\/\/podernacional.com\/index.php?rest_route=\/wp\/v2\/users\/1"}],"replies":[{"embeddable":true,"href":"https:\/\/podernacional.com\/index.php?rest_route=%2Fwp%2Fv2%2Fcomments&post=871"}],"version-history":[{"count":0,"href":"https:\/\/podernacional.com\/index.php?rest_route=\/wp\/v2\/posts\/871\/revisions"}],"wp:featuredmedia":[{"embeddable":true,"href":"https:\/\/podernacional.com\/index.php?rest_route=\/wp\/v2\/media\/872"}],"wp:attachment":[{"href":"https:\/\/podernacional.com\/index.php?rest_route=%2Fwp%2Fv2%2Fmedia&parent=871"}],"wp:term":[{"taxonomy":"category","embeddable":true,"href":"https:\/\/podernacional.com\/index.php?rest_route=%2Fwp%2Fv2%2Fcategories&post=871"},{"taxonomy":"post_tag","embeddable":true,"href":"https:\/\/podernacional.com\/index.php?rest_route=%2Fwp%2Fv2%2Ftags&post=871"}],"curies":[{"name":"wp","href":"https:\/\/api.w.org\/{rel}","templated":true}]}}