{"id":8712,"date":"2022-08-30T17:18:37","date_gmt":"2022-08-30T22:18:37","guid":{"rendered":"https:\/\/podernacional.com\/?p=8712"},"modified":"2022-08-30T22:18:39","modified_gmt":"2022-08-30T22:18:39","slug":"jalisco-se-proyecta-como-hub-de-talento-en-alta-tecnologia","status":"publish","type":"post","link":"https:\/\/podernacional.com\/?p=8712","title":{"rendered":"Jalisco se proyecta como hub de talento en alta tecnolog\u00eda"},"content":{"rendered":"<h4>Presentaci\u00f3n de los resultados de la iniciativa de Formaci\u00f3n de Talento Altamente Especializado.<\/h4>\n<p>Jalisco: A trav\u00e9s del programa Talento Altamente Especializado (TAE), empresas, gobierno y academia buscan satisfacer la demanda de ingenieros.<\/p>\n<p>Ademas que\u00a0incluso, reconvertir hacia la tecnolog\u00eda a otros perfiles profesionales.<\/p>\n<p>Por ende, para satisfacer la demanda de talento en el sector electr\u00f3nico y de alta tecnolog\u00eda en Jalisco \u2013considerado el Silicon Valley mexicano\u2013.<\/p>\n<p>As\u00ed como para aprovechar las oportunidades que suponen factores como el nearshoring.<\/p>\n<p>Ademas de\u00a0la nueva ley de semiconductores aprobada en Estados Unidos, el estado emprendi\u00f3 un programa de capacitaci\u00f3n.<\/p>\n<p>Ademas de\u00a0especializaci\u00f3n y reconversi\u00f3n de perfiles \u201csin precedentes en el pa\u00eds\u201d.<\/p>\n<p>Entonces, es que tan s\u00f3lo en los pr\u00f3ximos 12 meses, el sector industrial ofertar\u00e1 15,000 posiciones para ingenieros especializados.<\/p>\n<p>Sin embargo, las universidades e instituciones tecnol\u00f3gicas locales generan un promedio de 8,000 ingenieros por a\u00f1o.<\/p>\n<h4>Para hacer frente al d\u00e9ficit, Jalisco impuls\u00f3 el programa Formaci\u00f3n de Talento Altamente Especializado (TAE) 2022.<\/h4>\n<p>A\u00a0trav\u00e9s del cual, el sector productivo, las autoridades locales y la academia, lograron la capacitaci\u00f3n, especializaci\u00f3n y reconversi\u00f3n de 2,867 perfiles.<\/p>\n<p>\u201cCon este programa, se lograron un total de 2,867 capacitaciones de 2,500 que era el objetivo; un 15% m\u00e1s capacitaciones\u201d.<\/p>\n<p>\u201cDe \u00e9stas, 1,785 fueron de especializaci\u00f3n y 1,082 fueron de reconversi\u00f3n\u201d.<\/p>\n<p>Inform\u00f3 la presidenta de la C\u00e1mara Nacional de la Industria Electr\u00f3nica, de Telecomunicaciones y Tecnolog\u00edas de la Informaci\u00f3n (Canieti) Occidente, Dina Grijalva.<\/p>\n<p>Con esto, la dirigente del sector destac\u00f3 que el programa.<\/p>\n<p>Adem\u00e1s \u201cun fuerte motor de crecimiento del bienestar social\u201d toda vez que los profesionales que se especializan o se reconvierten.<\/p>\n<p>Ademas que pueden acceder a sueldos de 40,000 pesos mensuales en promedio.<\/p>\n<p>Finalmente se destac\u00f3 que el programa, ayudar\u00e1 a convertir a Jalisco en \u201cel hub m\u00e1s importante en Latinoam\u00e9rica de talento de alta tecnolog\u00eda\u201d.<\/p>\n<p>Ademas que se proyecta como hub de talento en alta tecnolog\u00eda<\/p>\n<p>&nbsp;<\/p>\n","protected":false},"excerpt":{"rendered":"<p>Presentaci\u00f3n de los resultados de la iniciativa de Formaci\u00f3n de Talento Altamente Especializado. Jalisco: A trav\u00e9s del programa Talento Altamente Especializado (TAE), empresas, gobierno y academia buscan satisfacer la demanda de ingenieros. Ademas que\u00a0incluso, reconvertir hacia la tecnolog\u00eda a otros perfiles profesionales. Por ende, para satisfacer la demanda de talento en el sector electr\u00f3nico y [&hellip;]<\/p>\n","protected":false},"author":1,"featured_media":8714,"comment_status":"open","ping_status":"closed","sticky":false,"template":"","format":"standard","meta":{"footnotes":""},"categories":[7,13],"tags":[],"class_list":["post-8712","post","type-post","status-publish","format-standard","has-post-thumbnail","hentry","category-nacional","category-tecnologia"],"_links":{"self":[{"href":"https:\/\/podernacional.com\/index.php?rest_route=\/wp\/v2\/posts\/8712","targetHints":{"allow":["GET"]}}],"collection":[{"href":"https:\/\/podernacional.com\/index.php?rest_route=\/wp\/v2\/posts"}],"about":[{"href":"https:\/\/podernacional.com\/index.php?rest_route=\/wp\/v2\/types\/post"}],"author":[{"embeddable":true,"href":"https:\/\/podernacional.com\/index.php?rest_route=\/wp\/v2\/users\/1"}],"replies":[{"embeddable":true,"href":"https:\/\/podernacional.com\/index.php?rest_route=%2Fwp%2Fv2%2Fcomments&post=8712"}],"version-history":[{"count":1,"href":"https:\/\/podernacional.com\/index.php?rest_route=\/wp\/v2\/posts\/8712\/revisions"}],"predecessor-version":[{"id":8713,"href":"https:\/\/podernacional.com\/index.php?rest_route=\/wp\/v2\/posts\/8712\/revisions\/8713"}],"wp:featuredmedia":[{"embeddable":true,"href":"https:\/\/podernacional.com\/index.php?rest_route=\/wp\/v2\/media\/8714"}],"wp:attachment":[{"href":"https:\/\/podernacional.com\/index.php?rest_route=%2Fwp%2Fv2%2Fmedia&parent=8712"}],"wp:term":[{"taxonomy":"category","embeddable":true,"href":"https:\/\/podernacional.com\/index.php?rest_route=%2Fwp%2Fv2%2Fcategories&post=8712"},{"taxonomy":"post_tag","embeddable":true,"href":"https:\/\/podernacional.com\/index.php?rest_route=%2Fwp%2Fv2%2Ftags&post=8712"}],"curies":[{"name":"wp","href":"https:\/\/api.w.org\/{rel}","templated":true}]}}