{"id":8718,"date":"2022-08-31T17:03:38","date_gmt":"2022-08-31T22:03:38","guid":{"rendered":"https:\/\/podernacional.com\/?p=8718"},"modified":"2022-08-31T22:04:55","modified_gmt":"2022-08-31T22:04:55","slug":"infantino-por-el-futbol-femenino-hay-que-trabajar-hay-que-trabajar-mas-y-mejor","status":"publish","type":"post","link":"https:\/\/podernacional.com\/?p=8718","title":{"rendered":"Infantino: \u00abPor el f\u00fatbol femenino hay que trabajar, hay que trabajar m\u00e1s y mejor\u00bb"},"content":{"rendered":"<h4>La tarea pendiente para el f\u00fatbol guatemalteco sigue siendo ofrecerle mejores condiciones a las mujeres.<\/h4>\n<p>Infantino: Ademas que desean practicar el deporte de forma profesional<\/p>\n<p>El desarrollo del f\u00fatbol femenino en el mundo ha sido una de las prioridades de Gianni Infantino en su gesti\u00f3n como presidente de la FIFA.<\/p>\n<p>Durante la pandemia hubo un aporte a todas las asociaciones miembro destinado exclusivamente para el balompi\u00e9 de mujeres.<\/p>\n<p>As\u00ed como que\u00a0ha impulsado apoyos directos a trav\u00e9s del programa FIFA Forward.<\/p>\n<p>Durante su gira por Centroam\u00e9rica, el m\u00e1ximo jerarca del f\u00fatbol mundial se hizo acompa\u00f1ar de Jillian Anne Ellis, exentrenadora de Estados Unidos.<\/p>\n<p>Ademas que\u00a0doble campeona del mundo y galardonada como mejor entrenadora en 2015.<\/p>\n<p>Afirm\u00f3 que es parte de \u2018las tres \u00e1reas m\u00e1s importantes del f\u00fatbol hoy en d\u00eda\u201d.<\/p>\n<h4>Con esto se\u00a0junto a Ars\u00e8ne Wenger (desarrollo del f\u00fatbol) y Pierluigi Collina (arbitraje).<\/h4>\n<p>Pese a los esfuerzos, en Guatemala la rama femenina del f\u00fatbol sigue siendo una tarea pendiente para los involucrados en la industria.<\/p>\n<p>El mismo Infantino lo ha reconocido al ser cuestionado sobre el tema durante una conferencia a la prensa.<\/p>\n<p>Lo cual\u00a0que brind\u00f3 despu\u00e9s de haber sostenido reuniones con actores del f\u00fatbol local y con el presidente de la Rep\u00fablica, Alejandro Giammattei.<\/p>\n<h4>Selecci\u00f3n Femenina de Guatemala<\/h4>\n<p>\u201cPor el f\u00fatbol femenino hay que trabajar, hay que trabajar m\u00e1s, hay que trabajar mejor.<\/p>\n<p>Pero, como dec\u00eda Jillian Ellis en la Federaci\u00f3n, la buena noticia es que estamos aqu\u00ed, estamos juntos\u201d.<\/p>\n<p>\u201cEstamos con la disposici\u00f3n, entusiasmados y vamos a trabajar\u201d, afirm\u00f3 el presidente del ente rector del f\u00fatbol mundial.<\/p>\n<p>Infantino a visitado varios pa\u00edses de Centroam\u00e9rica con motivo de la final de la Copa del Mundo Femenina Sub-20.<\/p>\n<p>Lo cual ademas\u00a0que se realiz\u00f3 el pasado domingo en Costa Rica, un pa\u00eds que el dirigente pone de ejemplo para Guatemala.<\/p>\n<p>\u201cHemos visto en Costa Rica, que est\u00e1 muy cerca, el trabajo y los resultados que se han obtenido\u201d.<\/p>\n<p>\u201cCon esto, no solamente con la realizaci\u00f3n del Mundial, sino tambi\u00e9n con la participaci\u00f3n\u201d.<\/p>\n","protected":false},"excerpt":{"rendered":"<p>La tarea pendiente para el f\u00fatbol guatemalteco sigue siendo ofrecerle mejores condiciones a las mujeres. Infantino: Ademas que desean practicar el deporte de forma profesional El desarrollo del f\u00fatbol femenino en el mundo ha sido una de las prioridades de Gianni Infantino en su gesti\u00f3n como presidente de la FIFA. Durante la pandemia hubo un [&hellip;]<\/p>\n","protected":false},"author":1,"featured_media":8720,"comment_status":"open","ping_status":"closed","sticky":false,"template":"","format":"standard","meta":{"footnotes":""},"categories":[3,5],"tags":[],"class_list":["post-8718","post","type-post","status-publish","format-standard","has-post-thumbnail","hentry","category-deportes","category-internacional"],"_links":{"self":[{"href":"https:\/\/podernacional.com\/index.php?rest_route=\/wp\/v2\/posts\/8718","targetHints":{"allow":["GET"]}}],"collection":[{"href":"https:\/\/podernacional.com\/index.php?rest_route=\/wp\/v2\/posts"}],"about":[{"href":"https:\/\/podernacional.com\/index.php?rest_route=\/wp\/v2\/types\/post"}],"author":[{"embeddable":true,"href":"https:\/\/podernacional.com\/index.php?rest_route=\/wp\/v2\/users\/1"}],"replies":[{"embeddable":true,"href":"https:\/\/podernacional.com\/index.php?rest_route=%2Fwp%2Fv2%2Fcomments&post=8718"}],"version-history":[{"count":1,"href":"https:\/\/podernacional.com\/index.php?rest_route=\/wp\/v2\/posts\/8718\/revisions"}],"predecessor-version":[{"id":8719,"href":"https:\/\/podernacional.com\/index.php?rest_route=\/wp\/v2\/posts\/8718\/revisions\/8719"}],"wp:featuredmedia":[{"embeddable":true,"href":"https:\/\/podernacional.com\/index.php?rest_route=\/wp\/v2\/media\/8720"}],"wp:attachment":[{"href":"https:\/\/podernacional.com\/index.php?rest_route=%2Fwp%2Fv2%2Fmedia&parent=8718"}],"wp:term":[{"taxonomy":"category","embeddable":true,"href":"https:\/\/podernacional.com\/index.php?rest_route=%2Fwp%2Fv2%2Fcategories&post=8718"},{"taxonomy":"post_tag","embeddable":true,"href":"https:\/\/podernacional.com\/index.php?rest_route=%2Fwp%2Fv2%2Ftags&post=8718"}],"curies":[{"name":"wp","href":"https:\/\/api.w.org\/{rel}","templated":true}]}}