{"id":8739,"date":"2022-08-31T19:13:46","date_gmt":"2022-09-01T00:13:46","guid":{"rendered":"https:\/\/podernacional.com\/?p=8739"},"modified":"2022-09-01T00:13:51","modified_gmt":"2022-09-01T00:13:51","slug":"promoveran-sez-e-ieez-educacion-civica-y-valores-democraticos-en-todas-las-escuelas-de-zacatecas","status":"publish","type":"post","link":"https:\/\/podernacional.com\/?p=8739","title":{"rendered":"Promover\u00e1n SEZ e IEEZ educaci\u00f3n c\u00edvica y valores democr\u00e1ticos en todas las escuelas de Zacatecas"},"content":{"rendered":"<h4>Ambas instituciones buscan crear conciencia entre los m\u00e1s j\u00f3venes para lograr una sociedad con mayor participaci\u00f3n democr\u00e1tica<\/h4>\n<p>SEZ e IEEZ: Aseguran que no ser\u00e1 un convenio m\u00e1s, sino que se dar\u00e1 seguimiento hasta lograr los fines esperados; una sociedad con m\u00e1s educaci\u00f3n democr\u00e1tica y cultura de equidad<\/p>\n<p>Zacatecas, Zac., Agosto 2022.- Con el objetivo de trabajar a favor de la educaci\u00f3n c\u00edvica en la ni\u00f1ez y en la juventud de Zacatecas.<\/p>\n<p>Ademas que la Secretar\u00eda de Educaci\u00f3n de Zacatecas (SEZ) y el Instituto Electoral del Estado de Zacatecas (IEEZ) celebraron una firma de convenio de colaboraci\u00f3n.<\/p>\n<p>Ambas instituciones se comprometieron a trabajar unidos para generar una mayor conciencia cr\u00edtica.<\/p>\n<p>As\u00ed como de ser propositiva entre la poblaci\u00f3n m\u00e1s joven, que se vea reflejada en una participaci\u00f3n democr\u00e1tica con apego a la legalidad.<\/p>\n<p>La Secretaria de Educaci\u00f3n de Zacatecas, Maribel Villalpando Haro.<\/p>\n<h4>Ademas que se expuso que este convenio con el IEEZ potenciar\u00e1 el fomento a una educaci\u00f3n democr\u00e1tica y a una mayor cultura de equidad.<\/h4>\n<p>Ademas que ambas, prioridades de la administraci\u00f3n que encabeza el Gobernador David Monreal \u00c1vila.<\/p>\n<p>Ya que contribuyen a cerrar brechas de desigualdad en el estado y en el pa\u00eds.<\/p>\n<p>Villapando Haro celebr\u00f3 la realizaci\u00f3n de esta firma de convenio, ya que representa la oportunidad para refrendar.<\/p>\n<p>\u201cNuestros valores de naci\u00f3n y la identidad de un pueblo que construye, en el ejercicio de la democracia, a una sociedad m\u00e1s justa,\u00a0en armon\u00eda\u201d.<\/p>\n<p>No es un convenio m\u00e1s, dijo:<\/p>\n<p>\u201cSe trata de una iniciativa que conlleva el deber institucional y la alta responsabilidad de materializar causas nobles\u201d.<\/p>\n<h4>\u201cAs\u00ed como de\u00a0hacer eco para lograr una ciudadan\u00eda m\u00e1s participativa\u201d.<\/h4>\n<p>Juan Manuel Frausto Ruedas, consejero presidente del IEEZ, expres\u00f3 que para el IEEZ es de gran relevancia el convenio de colaboraci\u00f3n con la SEZ.<\/p>\n<p>Ya que significa una oportunidad para refrendar las metas que hist\u00f3ricamente han tenido en com\u00fan ambas instituciones.<\/p>\n<p>Lo cual es\u00a0para llevar a buen puerto los proyectos que se han propuesto.<\/p>\n<p>Reconoci\u00f3 la disposici\u00f3n de la Secretaria de Educaci\u00f3n para iniciar este camino de ir armando esta labor.<\/p>\n<p>Lo que ademas esta fortalece no s\u00f3lo a las instituciones firmantes, sino a la ni\u00f1ez y a la juventud zacatecana.<\/p>\n","protected":false},"excerpt":{"rendered":"<p>Ambas instituciones buscan crear conciencia entre los m\u00e1s j\u00f3venes para lograr una sociedad con mayor participaci\u00f3n democr\u00e1tica SEZ e IEEZ: Aseguran que no ser\u00e1 un convenio m\u00e1s, sino que se dar\u00e1 seguimiento hasta lograr los fines esperados; una sociedad con m\u00e1s educaci\u00f3n democr\u00e1tica y cultura de equidad Zacatecas, Zac., Agosto 2022.- Con el objetivo de [&hellip;]<\/p>\n","protected":false},"author":1,"featured_media":8741,"comment_status":"open","ping_status":"closed","sticky":false,"template":"","format":"standard","meta":{"footnotes":""},"categories":[7,9],"tags":[],"class_list":["post-8739","post","type-post","status-publish","format-standard","has-post-thumbnail","hentry","category-nacional","category-politica"],"_links":{"self":[{"href":"https:\/\/podernacional.com\/index.php?rest_route=\/wp\/v2\/posts\/8739","targetHints":{"allow":["GET"]}}],"collection":[{"href":"https:\/\/podernacional.com\/index.php?rest_route=\/wp\/v2\/posts"}],"about":[{"href":"https:\/\/podernacional.com\/index.php?rest_route=\/wp\/v2\/types\/post"}],"author":[{"embeddable":true,"href":"https:\/\/podernacional.com\/index.php?rest_route=\/wp\/v2\/users\/1"}],"replies":[{"embeddable":true,"href":"https:\/\/podernacional.com\/index.php?rest_route=%2Fwp%2Fv2%2Fcomments&post=8739"}],"version-history":[{"count":1,"href":"https:\/\/podernacional.com\/index.php?rest_route=\/wp\/v2\/posts\/8739\/revisions"}],"predecessor-version":[{"id":8740,"href":"https:\/\/podernacional.com\/index.php?rest_route=\/wp\/v2\/posts\/8739\/revisions\/8740"}],"wp:featuredmedia":[{"embeddable":true,"href":"https:\/\/podernacional.com\/index.php?rest_route=\/wp\/v2\/media\/8741"}],"wp:attachment":[{"href":"https:\/\/podernacional.com\/index.php?rest_route=%2Fwp%2Fv2%2Fmedia&parent=8739"}],"wp:term":[{"taxonomy":"category","embeddable":true,"href":"https:\/\/podernacional.com\/index.php?rest_route=%2Fwp%2Fv2%2Fcategories&post=8739"},{"taxonomy":"post_tag","embeddable":true,"href":"https:\/\/podernacional.com\/index.php?rest_route=%2Fwp%2Fv2%2Ftags&post=8739"}],"curies":[{"name":"wp","href":"https:\/\/api.w.org\/{rel}","templated":true}]}}