{"id":8742,"date":"2022-08-31T19:21:51","date_gmt":"2022-09-01T00:21:51","guid":{"rendered":"https:\/\/podernacional.com\/?p=8742"},"modified":"2022-09-01T00:21:53","modified_gmt":"2022-09-01T00:21:53","slug":"se-desconoce-en-quintana-roo-lo-que-respiramos","status":"publish","type":"post","link":"https:\/\/podernacional.com\/?p=8742","title":{"rendered":"Se desconoce en Quintana Roo lo que respiramos"},"content":{"rendered":"<h4>En salud no se puede establecer relaci\u00f3n con las infecciones respiratorias sin un sistema confiable que mida calidad del aire.<\/h4>\n<p><a href=\"https:\/\/qroo.gob.mx\/inicio\/\">Quintana Roo<\/a> : La entidad quintanarroense carece de un sistema de monitoreo de la calidad del aire que genere informaci\u00f3n confiable, hist\u00f3rica y de largo plazo.<\/p>\n<p>Ademas que la cual permita conocer los niveles de contaminantes emitidos hacia la atm\u00f3sfera.<\/p>\n<p>La falta de un programa de gesti\u00f3n pone al estado como uno de los dos \u00fanicos que no tienen un sistema de este tipo.<\/p>\n<p>Con esto, lo que impide en materia de salud p\u00fablica poder establecer una relaci\u00f3n con las infecciones respiratorias agudas de la poblaci\u00f3n.<\/p>\n<p>En el Programa de Gesti\u00f3n de la Calidad del Aire (ProAire) 2019-2028.<\/p>\n<p>Ademas que se reconoci\u00f3 que entre las personas hay la percepci\u00f3n de que la contaminaci\u00f3n ambiental no es un problema grave.<\/p>\n<p>Dichas por las bajas altitudes de Quintana Roo, con un promedio de 32.8 metros sobre el nivel mar.<\/p>\n<p>Ademas, por la direcci\u00f3n y velocidad del viento que facilitan la dispersi\u00f3n de contaminantes.<\/p>\n<h4>Pero en el an\u00e1lisis se alert\u00f3 de diversas implicaciones de llegarse a incrementar la demanda del sector salud.<\/h4>\n<p>Debido a los\u00a0nuevos casos relacionados con la contaminaci\u00f3n atmosf\u00e9rica.<\/p>\n<p>Lo que dejar\u00eda el estado en condiciones dif\u00edciles para priorizar los casos existentes con los nuevos ocasionados por esa problem\u00e1tica.<\/p>\n<p>El Instituto Nacional de Ecolog\u00eda (Inecol); El an\u00e1lisis del mismo estudio que cit\u00f3 en la Manifestaci\u00f3n de Impacto Ambiental del Tramo 7 del Tren Maya.<\/p>\n<p>\u2014Que ir\u00e1 de Chetumal a Esc\u00e1rcega\u2014, reconoce la existencia de una red de monitoreo de calidad de aire \u201cde bajo costo\u201d.<\/p>\n<p>Ademas de estar integrada por 10 estaciones de medici\u00f3n en Quintana Roo.<\/p>\n<p>La infraestructura, agreg\u00f3, no genera informaci\u00f3n suficiente para establecer el estado actual ni es posible determinar tampoco una tendencia hist\u00f3rica.<\/p>\n<p>Las estaciones de medici\u00f3n est\u00e1n en Oth\u00f3n P. Blanco (3), Bacalar (2), Benito Ju\u00e1rez (2), Solidaridad (1), Puerto Morelos (1) y Cozumel (1).<\/p>\n<p>De las cuales una (sin citar a la que se refiere) no opera desde hace a\u00f1os, y otra inici\u00f3 recientemente su funcionamiento.<\/p>\n<p>Con lo cual se carece de registros suficientes para establecer con certeza la situaci\u00f3n del aire.<\/p>\n<p>El Inecol mencion\u00f3 que la escasez de la informaci\u00f3n sugiere presumiblemente la inexistencia de niveles de contaminaci\u00f3n.<\/p>\n<p>Esto\u00a0por part\u00edculas suspendidas PM 2.5 que supongan un riesgo para la salud de la poblaci\u00f3n.<\/p>\n<h4>Pero en los criterios establecidos en la Norma Oficial Mexicana \u201cNOM-172-SEMARNAT-2019.<\/h4>\n<p>As\u00ed como de Lineamientos para la obtenci\u00f3n y comunicaci\u00f3n del \u00cdndice de Calidad del Aire y Riesgos a la Salud\u201d.<\/p>\n<p>Ademas que se contempla que para confirmar situaciones espec\u00edficas se requiere del an\u00e1lisis de datos de al menos un a\u00f1o completo.<\/p>\n<p>De acuerdo con el ProAire, las principales fuentes generadoras de part\u00edculas menores a 10 micr\u00f3metros (PM 10).<\/p>\n<p>Al igual que de part\u00edculas menores a 2.5 microm\u00e9ros (PM 2.5), amoniaco, carbono negro y metano.<\/p>\n<p>Las cuales son aportadas en su mayor\u00eda por el uso de le\u00f1a usada para cocinar.<\/p>\n<p>Mientras que los sitios de disposici\u00f3n final de residuos son la fuente m\u00e1s importante de metano.<\/p>\n<p>Las fuentes m\u00f3viles (calculados en 592 mil 974 autom\u00f3viles, camionetas, taxis de pasajeros, autobuses, camiones ligeros y de carga media.<\/p>\n<p>As\u00ed como de\u00a0camiones remolques y motocicletas, hasta 2018) son las responsables de casi 70 por ciento de las emisiones de di\u00f3xido de azufre.<\/p>\n<p>Ademas de\u00a0m\u00e1s del 79 por ciento del mon\u00f3xido de carbono y \u00f3xidos de nitr\u00f3geno.<\/p>\n<p>Las principales fuentes generadoras fijas de part\u00edculas est\u00e1n en la zona sur del estado.<\/p>\n<p>Como el ingenio azucarero donde se realiza la quema de bagazo de ca\u00f1a de az\u00facar para la cogeneraci\u00f3n de electricidad.<\/p>\n<p>As\u00ed como de\u00a0la central de turbog\u00e1s de la Comisi\u00f3n Federal de Electricidad (CFE) en Xul-Ha, que utiliza di\u00e9sel.<\/p>\n<p>Del lado norte operan un par de centrales turboel\u00e9ctricas, con dos plantas en Benito Ju\u00e1rez, una en Cozumel y otra en Holbox.<\/p>\n","protected":false},"excerpt":{"rendered":"<p>En salud no se puede establecer relaci\u00f3n con las infecciones respiratorias sin un sistema confiable que mida calidad del aire. Quintana Roo : La entidad quintanarroense carece de un sistema de monitoreo de la calidad del aire que genere informaci\u00f3n confiable, hist\u00f3rica y de largo plazo. Ademas que la cual permita conocer los niveles de [&hellip;]<\/p>\n","protected":false},"author":1,"featured_media":8744,"comment_status":"open","ping_status":"closed","sticky":false,"template":"","format":"standard","meta":{"footnotes":""},"categories":[10,11],"tags":[],"class_list":["post-8742","post","type-post","status-publish","format-standard","has-post-thumbnail","hentry","category-quintana-roo","category-salud"],"_links":{"self":[{"href":"https:\/\/podernacional.com\/index.php?rest_route=\/wp\/v2\/posts\/8742","targetHints":{"allow":["GET"]}}],"collection":[{"href":"https:\/\/podernacional.com\/index.php?rest_route=\/wp\/v2\/posts"}],"about":[{"href":"https:\/\/podernacional.com\/index.php?rest_route=\/wp\/v2\/types\/post"}],"author":[{"embeddable":true,"href":"https:\/\/podernacional.com\/index.php?rest_route=\/wp\/v2\/users\/1"}],"replies":[{"embeddable":true,"href":"https:\/\/podernacional.com\/index.php?rest_route=%2Fwp%2Fv2%2Fcomments&post=8742"}],"version-history":[{"count":1,"href":"https:\/\/podernacional.com\/index.php?rest_route=\/wp\/v2\/posts\/8742\/revisions"}],"predecessor-version":[{"id":8743,"href":"https:\/\/podernacional.com\/index.php?rest_route=\/wp\/v2\/posts\/8742\/revisions\/8743"}],"wp:featuredmedia":[{"embeddable":true,"href":"https:\/\/podernacional.com\/index.php?rest_route=\/wp\/v2\/media\/8744"}],"wp:attachment":[{"href":"https:\/\/podernacional.com\/index.php?rest_route=%2Fwp%2Fv2%2Fmedia&parent=8742"}],"wp:term":[{"taxonomy":"category","embeddable":true,"href":"https:\/\/podernacional.com\/index.php?rest_route=%2Fwp%2Fv2%2Fcategories&post=8742"},{"taxonomy":"post_tag","embeddable":true,"href":"https:\/\/podernacional.com\/index.php?rest_route=%2Fwp%2Fv2%2Ftags&post=8742"}],"curies":[{"name":"wp","href":"https:\/\/api.w.org\/{rel}","templated":true}]}}