{"id":8748,"date":"2022-09-01T20:36:11","date_gmt":"2022-09-02T01:36:11","guid":{"rendered":"https:\/\/podernacional.com\/?p=8748"},"modified":"2022-09-02T01:36:12","modified_gmt":"2022-09-02T01:36:12","slug":"lammens-se-reunio-con-autoridades-provinciales-de-deportes","status":"publish","type":"post","link":"https:\/\/podernacional.com\/?p=8748","title":{"rendered":"Lammens se reuni\u00f3 con autoridades provinciales de Deportes"},"content":{"rendered":"<h4>Planificaci\u00f3n de los Juegos Nacionales Evita y repaso de los programas que lleva adelante el ministerio.<\/h4>\n<p>Lammens: El ministro de Turismo y Deportes, Mat\u00edas Lammens, mantuvo un encuentro de trabajo con funcionarias.<\/p>\n<p>As\u00ed como de funcionarias de las \u00e1reas de Deportes de todas las provincias del pa\u00eds para planificar la edici\u00f3n 2022 de los Juegos Nacionales Evita.<\/p>\n<p>Los cuales mencionan que regresan tras la pandemia, y relevar los avances de los programas del ministerio nacional en materia deportiva.<\/p>\n<p>Acompa\u00f1aron al ministro el subsecretario de Infraestructura Deportiva y Competencias Nacionales, Sergio Palmas.<\/p>\n<p>As\u00ed como del director de Clubes Argentinos, Francisco Chib\u00e1n.<\/p>\n<p>El director de Competencias Deportivas, Emiliano Gord\u00edn; y el director de Inclusi\u00f3n Social en el Deporte, Ignacio Mazzola.<\/p>\n<p>\u201cTenemos una vocaci\u00f3n muy clara de gesti\u00f3n, apuntamos directamente a impactar en la sociedad\u201d.<\/p>\n<p>\u201cQueremos que el deporte sea una pol\u00edtica de Estado y en gran medida lo hemos logrado\u201d\u00a0\u201cCelebramos esta oportunidad de escucharnos y compartir visiones con la perspectiva federal que nos caracteriza\u201d, expres\u00f3 Lammens.<\/p>\n<h4>Las autoridades provinciales presentes en el encuentro realizado en la Ciudad de Buenos Aires fueron: Javier Lovera (Buenos Aires).<\/h4>\n<p>Carlos Retegui (Ciudad de Buenos Aires).<\/p>\n<p>Daniel Lavatelli (Catamarca).<\/p>\n<p>Osvaldo P\u00e9rez Cuevas (Chaco).<\/p>\n<p>Gustavo Hern\u00e1ndez (Chubut).<\/p>\n<p>H\u00e9ctor Campana (C\u00f3rdoba).<\/p>\n<p>Jorge Terrile (Corrientes).<\/p>\n<p>Jos\u00e9 G\u00f3mez (Entre R\u00edos); H\u00e9ctor Romay (Formosa); Hugo Flores (Jujuy); Ceferino Almud\u00e9var (La Pampa); Jorge C\u00f3rdoba (La Rioja).<\/p>\n<p>As\u00ed como de Federico Chiapetta (Mendoza); Javier Corti (Misiones); Alejandra Piedecasas (Neuqu\u00e9n); Diego Rosati (R\u00edo Negro); Sergio Chib\u00e1n (Salta).<\/p>\n<p>Ademas de Jorge Chica (San Juan); Cintia Ram\u00edrez (San Luis); N\u00e9stor L\u00f3pez (Santa Cruz); Florencia Molinero (Santa Fe).<\/p>\n<p>Y finalmente de Carlos Dapello (Santiago del Estero); Carlos Turd\u00f3 (Tierra del Fuego AIAS) y Jos\u00e9 Banegas (Tucum\u00e1n).<\/p>\n<p>En la agenda de temas tratados se incluyeron adem\u00e1s la tercera edici\u00f3n de Clubes en Obra, el programa interministerial \u201cHay Equipo\u201d.<\/p>\n<p>As\u00ed como de\u00a0Polideportivos en Obra, el Plan de Regularizaci\u00f3n para clubes de barrio y pueblo y el Plan Federal de Infraestructura Deportiva.<\/p>\n<p>El cual ademas proyecta construir y refaccionar diferentes espacios de entrenamiento en todas las regiones del pa\u00eds.<\/p>\n","protected":false},"excerpt":{"rendered":"<p>Planificaci\u00f3n de los Juegos Nacionales Evita y repaso de los programas que lleva adelante el ministerio. Lammens: El ministro de Turismo y Deportes, Mat\u00edas Lammens, mantuvo un encuentro de trabajo con funcionarias. As\u00ed como de funcionarias de las \u00e1reas de Deportes de todas las provincias del pa\u00eds para planificar la edici\u00f3n 2022 de los Juegos [&hellip;]<\/p>\n","protected":false},"author":1,"featured_media":8750,"comment_status":"open","ping_status":"closed","sticky":false,"template":"","format":"standard","meta":{"footnotes":""},"categories":[3,5],"tags":[],"class_list":["post-8748","post","type-post","status-publish","format-standard","has-post-thumbnail","hentry","category-deportes","category-internacional"],"_links":{"self":[{"href":"https:\/\/podernacional.com\/index.php?rest_route=\/wp\/v2\/posts\/8748","targetHints":{"allow":["GET"]}}],"collection":[{"href":"https:\/\/podernacional.com\/index.php?rest_route=\/wp\/v2\/posts"}],"about":[{"href":"https:\/\/podernacional.com\/index.php?rest_route=\/wp\/v2\/types\/post"}],"author":[{"embeddable":true,"href":"https:\/\/podernacional.com\/index.php?rest_route=\/wp\/v2\/users\/1"}],"replies":[{"embeddable":true,"href":"https:\/\/podernacional.com\/index.php?rest_route=%2Fwp%2Fv2%2Fcomments&post=8748"}],"version-history":[{"count":1,"href":"https:\/\/podernacional.com\/index.php?rest_route=\/wp\/v2\/posts\/8748\/revisions"}],"predecessor-version":[{"id":8749,"href":"https:\/\/podernacional.com\/index.php?rest_route=\/wp\/v2\/posts\/8748\/revisions\/8749"}],"wp:featuredmedia":[{"embeddable":true,"href":"https:\/\/podernacional.com\/index.php?rest_route=\/wp\/v2\/media\/8750"}],"wp:attachment":[{"href":"https:\/\/podernacional.com\/index.php?rest_route=%2Fwp%2Fv2%2Fmedia&parent=8748"}],"wp:term":[{"taxonomy":"category","embeddable":true,"href":"https:\/\/podernacional.com\/index.php?rest_route=%2Fwp%2Fv2%2Fcategories&post=8748"},{"taxonomy":"post_tag","embeddable":true,"href":"https:\/\/podernacional.com\/index.php?rest_route=%2Fwp%2Fv2%2Ftags&post=8748"}],"curies":[{"name":"wp","href":"https:\/\/api.w.org\/{rel}","templated":true}]}}