{"id":8751,"date":"2022-09-01T20:44:59","date_gmt":"2022-09-02T01:44:59","guid":{"rendered":"https:\/\/podernacional.com\/?p=8751"},"modified":"2022-09-02T01:45:01","modified_gmt":"2022-09-02T01:45:01","slug":"festival-de-danza-vuelve-al-castillo-de-montjuic-con-siete-espectaculos","status":"publish","type":"post","link":"https:\/\/podernacional.com\/?p=8751","title":{"rendered":"Festival de danza vuelve al castillo de Montju\u00efc con siete espect\u00e1culos"},"content":{"rendered":"<h4>El festival de danza Mouju\u00efc celebrar\u00e1 su segunda edici\u00f3n en el castillo de la monta\u00f1a barcelonesa con siete espect\u00e1culos el 17 y 18 de septiembre.<\/h4>\n<p><a href=\"https:\/\/www.barcelonametmarta.nl\/bezienswaardigheden-barcelona\/uitkijkpunten\/montjuic\">Montju\u00efc<\/a>: Adem\u00e1s de una primera muestra este s\u00e1bado, seg\u00fan ha anunciado hoy el Institut de Cultura de Barcelona (ICUB).<\/p>\n<p>La programaci\u00f3n de Mouju\u00efc incluye este s\u00e1bado el espect\u00e1culo \u00abJazzbetxeen\u00bb de Marina Pravkina.<\/p>\n<p>El cual menciona que combina m\u00fasica electr\u00f3nica y danza improvisada con la participaci\u00f3n del p\u00fablico.<\/p>\n<p>Ademas que dentro de la iniciativa \u00abObrim Carrers\u00bb en el barrio Sants, en la calle Creu Coberta.<\/p>\n<p>El grueso del festival est\u00e1 previsto el 17.<\/p>\n<p>As\u00ed como el 18 de septiembre con seis piezas de baile que pretenden \u00abacercar la danza y la cultura a la ciudadan\u00eda\u00bb.<\/p>\n<p>Ademas que tres cada d\u00eda durante el fin de semana.<\/p>\n<h4>El 17 de septiembre se encadenar\u00e1n los espect\u00e1culos \u00abAM-27\u00bb de Javier Guerrero, que gan\u00f3 el premio de danza del Institut del Teatre.<\/h4>\n<p>\u00abThe Grooves Experience\u00bb, estreno de Marina Pravkina sobre la m\u00fasica electr\u00f3nica y el movimiento.<\/p>\n<p>Ademas que \u00abCity Horses\u00bb, una coreograf\u00eda urbana de la compa\u00f1\u00eda sueca Bystr\u00f6m K\u00e4llblad.<\/p>\n<p>Al d\u00eda siguiente ser\u00e1 el turno de M\u00e9trica b\u00e1rbara con:<\/p>\n<p>\u00abDe una en una {versos sobre un tejado errante}\u00bb, una combinaci\u00f3n de teatro, danza y objetos.<\/p>\n<p>\u00abOblivion\u00bb de Silvia Batet, una pieza sobre olvido y a\u00f1oranza a partir de la repetici\u00f3n del c\u00edrculo.<\/p>\n<p>Ademas que \u00abAclucalls\u00bb de la compa\u00f1\u00eda laSADCUM, un retrato grupal de la sociedad despu\u00e9s de Internet.<\/p>\n<p>Tambi\u00e9n el domingo, la artista residente en el castillo de Montju\u00efc Camaralucida mostrar\u00e1 su pr\u00e1ctica interactiva \u00abEstadio\u00bb.<\/p>\n<p>El cual est\u00e1 elaborada en el marco de su proceso de investigaci\u00f3n en los antiguos cuarteles.<\/p>\n<p>Mouju\u00efc es un proyecto impulsado desde 2021 por el castillo de Montju\u00efc, con la colaboraci\u00f3n de Graner, F\u00e0brica de Creaci\u00f3.<\/p>\n","protected":false},"excerpt":{"rendered":"<p>El festival de danza Mouju\u00efc celebrar\u00e1 su segunda edici\u00f3n en el castillo de la monta\u00f1a barcelonesa con siete espect\u00e1culos el 17 y 18 de septiembre. Montju\u00efc: Adem\u00e1s de una primera muestra este s\u00e1bado, seg\u00fan ha anunciado hoy el Institut de Cultura de Barcelona (ICUB). La programaci\u00f3n de Mouju\u00efc incluye este s\u00e1bado el espect\u00e1culo \u00abJazzbetxeen\u00bb de [&hellip;]<\/p>\n","protected":false},"author":1,"featured_media":8753,"comment_status":"open","ping_status":"closed","sticky":false,"template":"","format":"standard","meta":{"footnotes":""},"categories":[4,5],"tags":[],"class_list":["post-8751","post","type-post","status-publish","format-standard","has-post-thumbnail","hentry","category-espectaculos","category-internacional"],"_links":{"self":[{"href":"https:\/\/podernacional.com\/index.php?rest_route=\/wp\/v2\/posts\/8751","targetHints":{"allow":["GET"]}}],"collection":[{"href":"https:\/\/podernacional.com\/index.php?rest_route=\/wp\/v2\/posts"}],"about":[{"href":"https:\/\/podernacional.com\/index.php?rest_route=\/wp\/v2\/types\/post"}],"author":[{"embeddable":true,"href":"https:\/\/podernacional.com\/index.php?rest_route=\/wp\/v2\/users\/1"}],"replies":[{"embeddable":true,"href":"https:\/\/podernacional.com\/index.php?rest_route=%2Fwp%2Fv2%2Fcomments&post=8751"}],"version-history":[{"count":1,"href":"https:\/\/podernacional.com\/index.php?rest_route=\/wp\/v2\/posts\/8751\/revisions"}],"predecessor-version":[{"id":8752,"href":"https:\/\/podernacional.com\/index.php?rest_route=\/wp\/v2\/posts\/8751\/revisions\/8752"}],"wp:featuredmedia":[{"embeddable":true,"href":"https:\/\/podernacional.com\/index.php?rest_route=\/wp\/v2\/media\/8753"}],"wp:attachment":[{"href":"https:\/\/podernacional.com\/index.php?rest_route=%2Fwp%2Fv2%2Fmedia&parent=8751"}],"wp:term":[{"taxonomy":"category","embeddable":true,"href":"https:\/\/podernacional.com\/index.php?rest_route=%2Fwp%2Fv2%2Fcategories&post=8751"},{"taxonomy":"post_tag","embeddable":true,"href":"https:\/\/podernacional.com\/index.php?rest_route=%2Fwp%2Fv2%2Ftags&post=8751"}],"curies":[{"name":"wp","href":"https:\/\/api.w.org\/{rel}","templated":true}]}}