{"id":8766,"date":"2022-09-01T21:22:29","date_gmt":"2022-09-02T02:22:29","guid":{"rendered":"https:\/\/podernacional.com\/?p=8766"},"modified":"2022-09-02T02:22:31","modified_gmt":"2022-09-02T02:22:31","slug":"firman-convenio-amanc-zacatecas-e-injuventud","status":"publish","type":"post","link":"https:\/\/podernacional.com\/?p=8766","title":{"rendered":"Firman convenio AMANC Zacatecas e Injuventud"},"content":{"rendered":"<h4>Con el objetivo de fortalecer el trabajo de la Asociaci\u00f3n Mexicana de Ayuda a Ni\u00f1os con C\u00e1ncer (AMANC) en la entidad.<\/h4>\n<p>AMANC <a href=\"https:\/\/www.zacatecas.gob.mx\/\">Zacatecas<\/a>: Por ende, este mi\u00e9rcoles se firm\u00f3 el convenio de colaboraci\u00f3n entre esta asociaci\u00f3n y el Instituto de la Juventud Zacatecana (Injuventud).<\/p>\n<p>Con este convenio se promover\u00e1 la participaci\u00f3n altruista en los j\u00f3venes hacia la asociaci\u00f3n en sus diversas actividades y programas.<\/p>\n<p>Mauricio Acevedo Rodr\u00edguez, titular de Injuventud.<\/p>\n<p>Por ende se declar\u00f3 que entre las principales acciones que traer\u00e1 este convenio es la atenci\u00f3n psicol\u00f3gica a los ni\u00f1os con c\u00e1ncer.<\/p>\n<p>Los cuales mencionan que se encuentran en AMANC por parte de j\u00f3venes especialistas en salud mental.<\/p>\n<p>Otra de las acciones que buscar\u00e1n es llevar los corazones dorados o contenedores de tapas que se encuentran en la capital a los municipios.<\/p>\n<h4>Ademas, para que tambi\u00e9n contribuyan.<\/h4>\n<p>Refiri\u00f3 que espera que sean los Pueblos M\u00e1gicos los primeros municipios que los instalen.<\/p>\n<p>Paola Duarte Cervantes, tesorera de AMANC Zacatecas, comparti\u00f3 que este tipo de convenios fortalecen los programas.<\/p>\n<p>As\u00ed como de actividades que realiza la asociaci\u00f3n a lo largo del a\u00f1o.<\/p>\n<p>Como es la carrera AMANC, programada en octubre.<\/p>\n<p>Esto con actividades en las que se \u201cnecesitan muchas manos, tenemos la instalaci\u00f3n de carpas, realizaci\u00f3n de paquetes, elaboraci\u00f3n de alimentos, entre otras tareas\u201d.<\/p>\n<p>Asegur\u00f3 que el trabajo dentro de la asociaci\u00f3n nunca termina y el apoyo va m\u00e1s all\u00e1 \u201cde tomarse la foto\u201d.<\/p>\n<p>\u201cPor ende tenemos muchas cosas que se nos han donado y tienen que ser separadas, empacadas y distribuidas\u201d, finaliz\u00f3.<\/p>\n","protected":false},"excerpt":{"rendered":"<p>Con el objetivo de fortalecer el trabajo de la Asociaci\u00f3n Mexicana de Ayuda a Ni\u00f1os con C\u00e1ncer (AMANC) en la entidad. AMANC Zacatecas: Por ende, este mi\u00e9rcoles se firm\u00f3 el convenio de colaboraci\u00f3n entre esta asociaci\u00f3n y el Instituto de la Juventud Zacatecana (Injuventud). Con este convenio se promover\u00e1 la participaci\u00f3n altruista en los j\u00f3venes [&hellip;]<\/p>\n","protected":false},"author":1,"featured_media":8768,"comment_status":"open","ping_status":"closed","sticky":false,"template":"","format":"standard","meta":{"footnotes":""},"categories":[7,9],"tags":[],"class_list":["post-8766","post","type-post","status-publish","format-standard","has-post-thumbnail","hentry","category-nacional","category-politica"],"_links":{"self":[{"href":"https:\/\/podernacional.com\/index.php?rest_route=\/wp\/v2\/posts\/8766","targetHints":{"allow":["GET"]}}],"collection":[{"href":"https:\/\/podernacional.com\/index.php?rest_route=\/wp\/v2\/posts"}],"about":[{"href":"https:\/\/podernacional.com\/index.php?rest_route=\/wp\/v2\/types\/post"}],"author":[{"embeddable":true,"href":"https:\/\/podernacional.com\/index.php?rest_route=\/wp\/v2\/users\/1"}],"replies":[{"embeddable":true,"href":"https:\/\/podernacional.com\/index.php?rest_route=%2Fwp%2Fv2%2Fcomments&post=8766"}],"version-history":[{"count":1,"href":"https:\/\/podernacional.com\/index.php?rest_route=\/wp\/v2\/posts\/8766\/revisions"}],"predecessor-version":[{"id":8767,"href":"https:\/\/podernacional.com\/index.php?rest_route=\/wp\/v2\/posts\/8766\/revisions\/8767"}],"wp:featuredmedia":[{"embeddable":true,"href":"https:\/\/podernacional.com\/index.php?rest_route=\/wp\/v2\/media\/8768"}],"wp:attachment":[{"href":"https:\/\/podernacional.com\/index.php?rest_route=%2Fwp%2Fv2%2Fmedia&parent=8766"}],"wp:term":[{"taxonomy":"category","embeddable":true,"href":"https:\/\/podernacional.com\/index.php?rest_route=%2Fwp%2Fv2%2Fcategories&post=8766"},{"taxonomy":"post_tag","embeddable":true,"href":"https:\/\/podernacional.com\/index.php?rest_route=%2Fwp%2Fv2%2Ftags&post=8766"}],"curies":[{"name":"wp","href":"https:\/\/api.w.org\/{rel}","templated":true}]}}