{"id":8784,"date":"2022-09-02T20:17:56","date_gmt":"2022-09-03T01:17:56","guid":{"rendered":"https:\/\/podernacional.com\/?p=8784"},"modified":"2022-09-03T01:17:58","modified_gmt":"2022-09-03T01:17:58","slug":"abre-festival-internacional-de-cine-de-los-cabos-convocatoria-para-series-en-desarrollo","status":"publish","type":"post","link":"https:\/\/podernacional.com\/?p=8784","title":{"rendered":"Abre Festival Internacional de Cine de Los Cabos convocatoria para series en desarrollo"},"content":{"rendered":"<h4>Denominadas \u2018Las historias del ma\u00f1ana\u2019, la convocatoria del encuentro f\u00edlmico sudcaliforniano busca ideas innovadoras.<\/h4>\n<p>Festival Internacional de Cine: Con esto se abre una oportunidad para escritores y mentes frescas. Proyectos epis\u00f3dicos pueden ser inscritos hasta el 16 de septiembre.<\/p>\n<p>Con esto ademas de estar buscando impulsar el ingenio y talento mexicano.<\/p>\n<p>Ademas que el Festival Internacional de Cine de Los Cabos, a realizar su d\u00e9cima primera edici\u00f3n del 9 al 13 de noviembre.<\/p>\n<p>Ademas que se abri\u00f3 su convocatoria \u2018Series en Desarrollo: Las historias del ma\u00f1ana\u2019.<\/p>\n<p>Esto con la idea de encontrar ideas frescas para cambiar el panorama en las producciones y series actuales.<\/p>\n<p>Lugar donde se seleccionar\u00e1 un proyecto ganador del Fondo F\u00edlmico Gabriel Figueroa.<\/p>\n<h4>La convocatoria abierta hasta el 16 de septiembre va dirigida a escritores de M\u00e9xico.<\/h4>\n<p>El cual es para lograr elegir 5 trabajos que participar\u00e1n en la discusi\u00f3n del proyecto que formar\u00e1 parte del programa de desarrollo.<\/p>\n<p>As\u00ed como del Festival Internacional de Cine de Los Cabos, recibiendo tambi\u00e9n un fondo de $200,000.00 MXN para el desarrollo del proyecto.<\/p>\n<p>Al igual como la opci\u00f3n a un contrato de 3 a\u00f1os con las compa\u00f1\u00edas desarrolladoras Cielo Content, Irreversible Pictures y Room Service Contenidos.<\/p>\n<p>As\u00ed como 6 meses de asesoramiento de las compa\u00f1\u00edas para el proyecto.<\/p>\n<p>Con esta iniciativa, el Festival Internacional de Cine de Los Cabos contin\u00faa su incansable labor de impulsar a los escritores de la industria cinematogr\u00e1fica.<\/p>\n<h4>Con el objetivo de apoyarlos en la creaci\u00f3n de las historias del ma\u00f1ana.<\/h4>\n<p>Las personas interesadas en participar podr\u00e1n enviar sus trabajos a partir de hoy y hasta el 16 de septiembre.<\/p>\n<p>Ademas que el evento de premiaci\u00f3n ser\u00e1 anunciado el proyecto ganador ser\u00e1 el 13 de noviembre durante la ceremonia del cierre del encuentro f\u00edlmico.<\/p>\n<p>Para revisar la convocatoria y comprobar los requisitos ingresa a la p\u00e1gina https:\/\/www.cabosfilmfestival.com\/. \u00a0(Carlos L. Rojas Duarte \/ Especial para ZETA).<\/p>\n","protected":false},"excerpt":{"rendered":"<p>Denominadas \u2018Las historias del ma\u00f1ana\u2019, la convocatoria del encuentro f\u00edlmico sudcaliforniano busca ideas innovadoras. Festival Internacional de Cine: Con esto se abre una oportunidad para escritores y mentes frescas. Proyectos epis\u00f3dicos pueden ser inscritos hasta el 16 de septiembre. Con esto ademas de estar buscando impulsar el ingenio y talento mexicano. Ademas que el Festival [&hellip;]<\/p>\n","protected":false},"author":1,"featured_media":8786,"comment_status":"open","ping_status":"closed","sticky":false,"template":"","format":"standard","meta":{"footnotes":""},"categories":[2,5],"tags":[],"class_list":["post-8784","post","type-post","status-publish","format-standard","has-post-thumbnail","hentry","category-cultural","category-internacional"],"_links":{"self":[{"href":"https:\/\/podernacional.com\/index.php?rest_route=\/wp\/v2\/posts\/8784","targetHints":{"allow":["GET"]}}],"collection":[{"href":"https:\/\/podernacional.com\/index.php?rest_route=\/wp\/v2\/posts"}],"about":[{"href":"https:\/\/podernacional.com\/index.php?rest_route=\/wp\/v2\/types\/post"}],"author":[{"embeddable":true,"href":"https:\/\/podernacional.com\/index.php?rest_route=\/wp\/v2\/users\/1"}],"replies":[{"embeddable":true,"href":"https:\/\/podernacional.com\/index.php?rest_route=%2Fwp%2Fv2%2Fcomments&post=8784"}],"version-history":[{"count":1,"href":"https:\/\/podernacional.com\/index.php?rest_route=\/wp\/v2\/posts\/8784\/revisions"}],"predecessor-version":[{"id":8785,"href":"https:\/\/podernacional.com\/index.php?rest_route=\/wp\/v2\/posts\/8784\/revisions\/8785"}],"wp:featuredmedia":[{"embeddable":true,"href":"https:\/\/podernacional.com\/index.php?rest_route=\/wp\/v2\/media\/8786"}],"wp:attachment":[{"href":"https:\/\/podernacional.com\/index.php?rest_route=%2Fwp%2Fv2%2Fmedia&parent=8784"}],"wp:term":[{"taxonomy":"category","embeddable":true,"href":"https:\/\/podernacional.com\/index.php?rest_route=%2Fwp%2Fv2%2Fcategories&post=8784"},{"taxonomy":"post_tag","embeddable":true,"href":"https:\/\/podernacional.com\/index.php?rest_route=%2Fwp%2Fv2%2Ftags&post=8784"}],"curies":[{"name":"wp","href":"https:\/\/api.w.org\/{rel}","templated":true}]}}