{"id":8787,"date":"2022-09-02T20:25:00","date_gmt":"2022-09-03T01:25:00","guid":{"rendered":"https:\/\/podernacional.com\/?p=8787"},"modified":"2022-09-03T01:25:01","modified_gmt":"2022-09-03T01:25:01","slug":"cancun-destino-lider-en-mexico-en-wta","status":"publish","type":"post","link":"https:\/\/podernacional.com\/?p=8787","title":{"rendered":"Canc\u00fan, destino l\u00edder en M\u00e9xico, en WTA"},"content":{"rendered":"<h4>Canc\u00fan, Q. Roo. Con el respaldo de profesionales de viajes, medios de comunicaci\u00f3n y consumidores de todo el mundo.<\/h4>\n<p>Destino l\u00edder en M\u00e9xico: Ademas que en Canc\u00fan consolida su lugar como uno de los sitios tur\u00edsticos m\u00e1s importantes del mundo.<\/p>\n<p>Con esto siendo premiado como \u201cDestino l\u00edder de reuniones y conferencias en M\u00e9xico y Centroam\u00e9rica 2022\u201d.<\/p>\n<p>Al igual que: \u201cDestino l\u00edder en M\u00e9xico 2022\u201d, en la edici\u00f3n n\u00famero 29 de los premio \u201cWorld Travel Awards\u201d.<\/p>\n<p>El Ayuntamiento de Benito Ju\u00e1rez, encabezado por la encargada de despacho de la Presidencia Municipal, Lourdes Latife Cardona Muza.<\/p>\n<p>Lo cual se celebra esta victoria y la de prestadores de servicios, cadenas hoteleras y el Aeropuerto Internacional de Canc\u00fan.<\/p>\n<p>Ademas de quienes fueron condecorados tambi\u00e9n en tan prestigioso certamen.<\/p>\n<h4>Al respecto, el titular de la Direcci\u00f3n General de Turismo Municipal, Jorge Luis T\u00e9llez Vignet.<\/h4>\n<p>Con esto se indic\u00f3 que bajo el liderazgo de la gobernadora electa Mara Lezama y la labor de la administraci\u00f3n municipal actual.<\/p>\n<p>Por el cual en Canc\u00fan alcanz\u00f3 estos reconocimientos y con ello, se posiciona nuevamente como uno de los polos vacacionales m\u00e1s importantes del mundo.<\/p>\n<p>Subray\u00f3 que el hecho de estar nominados es prueba fehaciente de la preferencia de muchos viajeros por Canc\u00fan.<\/p>\n<p>Ademas que gracias al trabajo diario y en conjunto de las autoridades, la iniciativa privada y los colaboradores tur\u00edsticos.<\/p>\n<p>As\u00ed como tanto para impulsar esta rama econ\u00f3mica, conservar los atractivos naturales de la ciudad y destacarse gracias a su servicio de calidad y calidez.<\/p>\n<p>Cabe se\u00f1alar que el Aeropuerto Internacional de Canc\u00fan gan\u00f3 en la categor\u00eda \u201cAeropuerto l\u00edder en M\u00e9xico y Centroam\u00e9rica 2022\u201d.<\/p>\n<p>Mientras que el Centro Internacional de Convenciones de Canc\u00fan (ICC) fue distinguido como \u201cCentro de Reuniones y Conferencias L\u00edder en M\u00e9xico y Centroam\u00e9rica 2022\u201d.<\/p>\n<h4>Adem\u00e1s, la empresa Extreme Adventuring Cancun, lo hizo como \u201cAtracci\u00f3n tur\u00edstica de aventura l\u00edder en M\u00e9xico 2022\u201d.<\/h4>\n<p>Adicionalmente, cinco centros de hospedaje obtuvieron uno o m\u00e1s premios, los cuales fueron:<\/p>\n<p>Grand Fiesta Americana Coral Beach Canc\u00fan en la categor\u00eda de \u201cHotel de conferencias l\u00edder en M\u00e9xico y Centroam\u00e9rica 2022\u201d.<\/p>\n<p>Ademas que \u201cResort de playa de lujo l\u00edder en M\u00e9xico 2022\u201d.<\/p>\n<p>Hyatt Ziva Canc\u00fan como \u201cResort de playa l\u00edder en M\u00e9xico 2022\u201d y \u201dResorts l\u00edderes en M\u00e9xico 2022\u201d.<\/p>\n<p>The Grand at Moon Palace Canc\u00fan como \u201cResort Familiar L\u00edder en M\u00e9xico 2022\u201d.<\/p>\n<p>Grand Residences Riviera Canc\u00fan como \u201cResidencias Hoteleras L\u00edderes en M\u00e9xico 2022\u201d.<\/p>\n<p>As\u00ed como The Ritz-Carlton como \u201cHotel L\u00edder de M\u00e9xico 2022\u201d y \u201cSuite de hotel l\u00edder en M\u00e9xico 2022\u201d.<\/p>\n","protected":false},"excerpt":{"rendered":"<p>Canc\u00fan, Q. Roo. Con el respaldo de profesionales de viajes, medios de comunicaci\u00f3n y consumidores de todo el mundo. Destino l\u00edder en M\u00e9xico: Ademas que en Canc\u00fan consolida su lugar como uno de los sitios tur\u00edsticos m\u00e1s importantes del mundo. Con esto siendo premiado como \u201cDestino l\u00edder de reuniones y conferencias en M\u00e9xico y Centroam\u00e9rica [&hellip;]<\/p>\n","protected":false},"author":1,"featured_media":8789,"comment_status":"open","ping_status":"closed","sticky":false,"template":"","format":"standard","meta":{"footnotes":""},"categories":[6,10],"tags":[],"class_list":["post-8787","post","type-post","status-publish","format-standard","has-post-thumbnail","hentry","category-local","category-quintana-roo"],"_links":{"self":[{"href":"https:\/\/podernacional.com\/index.php?rest_route=\/wp\/v2\/posts\/8787","targetHints":{"allow":["GET"]}}],"collection":[{"href":"https:\/\/podernacional.com\/index.php?rest_route=\/wp\/v2\/posts"}],"about":[{"href":"https:\/\/podernacional.com\/index.php?rest_route=\/wp\/v2\/types\/post"}],"author":[{"embeddable":true,"href":"https:\/\/podernacional.com\/index.php?rest_route=\/wp\/v2\/users\/1"}],"replies":[{"embeddable":true,"href":"https:\/\/podernacional.com\/index.php?rest_route=%2Fwp%2Fv2%2Fcomments&post=8787"}],"version-history":[{"count":1,"href":"https:\/\/podernacional.com\/index.php?rest_route=\/wp\/v2\/posts\/8787\/revisions"}],"predecessor-version":[{"id":8788,"href":"https:\/\/podernacional.com\/index.php?rest_route=\/wp\/v2\/posts\/8787\/revisions\/8788"}],"wp:featuredmedia":[{"embeddable":true,"href":"https:\/\/podernacional.com\/index.php?rest_route=\/wp\/v2\/media\/8789"}],"wp:attachment":[{"href":"https:\/\/podernacional.com\/index.php?rest_route=%2Fwp%2Fv2%2Fmedia&parent=8787"}],"wp:term":[{"taxonomy":"category","embeddable":true,"href":"https:\/\/podernacional.com\/index.php?rest_route=%2Fwp%2Fv2%2Fcategories&post=8787"},{"taxonomy":"post_tag","embeddable":true,"href":"https:\/\/podernacional.com\/index.php?rest_route=%2Fwp%2Fv2%2Ftags&post=8787"}],"curies":[{"name":"wp","href":"https:\/\/api.w.org\/{rel}","templated":true}]}}