{"id":8799,"date":"2022-09-02T21:40:29","date_gmt":"2022-09-03T02:40:29","guid":{"rendered":"https:\/\/podernacional.com\/?p=8799"},"modified":"2022-09-03T02:40:30","modified_gmt":"2022-09-03T02:40:30","slug":"fundacion-nemi-y-lysol-contigo-mantienen-su-compromiso-con-la-salud-y-educacion","status":"publish","type":"post","link":"https:\/\/podernacional.com\/?p=8799","title":{"rendered":"Fundaci\u00f3n Nemi y Lysol Contigo mantienen su compromiso con la salud y educaci\u00f3n"},"content":{"rendered":"<h4>La pandemia por Covid-19 ha generado grandes cambios en nuestros h\u00e1bitos con respecto a la prevenci\u00f3n y cuidado al interior de los hogares.<\/h4>\n<p>Fundaci\u00f3n Nemi y Lysol Contigo: Ademas de con el regreso a clases presenciales los ni\u00f1os tienen la necesidad de consolidar su adaptaci\u00f3n a entornos que en ocasiones parecen ajenos.<\/p>\n<p>Por ello, Fundaci\u00f3n Nemi, el Programa Lysol\u00ae Contigo y Harpic\u00ae M\u00e1s All\u00e1 de Limpieza, Ba\u00f1os Dignos.<\/p>\n<p>Por ende, se suman a la iniciativa global de proteger a los ni\u00f1os y brindar un regreso seguro a las aulas con espacios higi\u00e9nicamente limpios.<\/p>\n<p>Los cuales ayudan a minimizar el riesgo de transmisi\u00f3n de g\u00e9rmenes dentro de los espacios educativos, romper la cadena de contagios.<\/p>\n<p>Ademas de educar a la comunidad encargada y concientizar sobre la adecuada higiene y desinfecci\u00f3n.<\/p>\n<p>En conjunto con Fundaci\u00f3n Nemi, instituci\u00f3n especializada en impulsar programas sociales dirigidos a mejorar las condiciones de los ni\u00f1os en M\u00e9xico.<\/p>\n<p>Lysol\u00ae Contigo ha dise\u00f1ado un programa enfocado en brindar un regreso a clases seguro y mantener a los ni\u00f1os en \u00f3ptimas condiciones de salud.<\/p>\n<p>En algunos centros escolares de Ciudad de M\u00e9xico, Guadalajara y Monterrey se est\u00e1n llevando a cabo las siguientes acciones:<\/p>\n<h4>Puesta en escena de la obra infantil \u201cH\u00e9roes Contigo\u201d.<\/h4>\n<p>Lo cual, explica a los ni\u00f1os en las escuelas la importancia de contar con buenos h\u00e1bitos de higiene y desinfecci\u00f3n de una forma entretenida.<\/p>\n<p>Impartici\u00f3n de talleres para capacitar a educadores sobre los lineamientos y protocolos de desinfecci\u00f3n y limpieza en \u00e1mbitos escolares, avalados por las autoridades.<\/p>\n<p>Desarrollo de una herramienta digital para an\u00e1lisis y seguimiento de ausentismo escolar relacionado con enfermedades respiratorias.<\/p>\n<p>Fundaci\u00f3n Nemi y Lysol Contigo: Donaci\u00f3n de productos en los centros escolares del pa\u00eds.<\/p>\n<p>Charlotte L\u00f6fgren-Rowe, Directora de Marketing para Reckitt M\u00e9xico, puntualiz\u00f3 que:<\/p>\n<p>\u201cDe la mano de este programa en colaboraci\u00f3n con Fundaci\u00f3n Nemi, y siguiendo los lineamientos indicados por las autoridades de salud de M\u00e9xico\u201d.<\/p>\n<p>Ademas que las ni\u00f1as y ni\u00f1os podr\u00e1n estar de regreso a clases con m\u00e1s seguridad y salud.<\/p>\n<p>Desde Lysol\u00ae Contigo queremos concientizar que las medidas higi\u00e9nicas.<\/p>\n<p>\u201cAs\u00ed como de desinfecci\u00f3n en casa siguen siendo igual de importantes que aquellas que se apliquen dentro de la comunidad educativa.\u201d<\/p>\n<p>&nbsp;<\/p>\n<p>&nbsp;<\/p>\n","protected":false},"excerpt":{"rendered":"<p>La pandemia por Covid-19 ha generado grandes cambios en nuestros h\u00e1bitos con respecto a la prevenci\u00f3n y cuidado al interior de los hogares. Fundaci\u00f3n Nemi y Lysol Contigo: Ademas de con el regreso a clases presenciales los ni\u00f1os tienen la necesidad de consolidar su adaptaci\u00f3n a entornos que en ocasiones parecen ajenos. Por ello, Fundaci\u00f3n [&hellip;]<\/p>\n","protected":false},"author":1,"featured_media":8801,"comment_status":"open","ping_status":"closed","sticky":false,"template":"","format":"standard","meta":{"footnotes":""},"categories":[5,11],"tags":[],"class_list":["post-8799","post","type-post","status-publish","format-standard","has-post-thumbnail","hentry","category-internacional","category-salud"],"_links":{"self":[{"href":"https:\/\/podernacional.com\/index.php?rest_route=\/wp\/v2\/posts\/8799","targetHints":{"allow":["GET"]}}],"collection":[{"href":"https:\/\/podernacional.com\/index.php?rest_route=\/wp\/v2\/posts"}],"about":[{"href":"https:\/\/podernacional.com\/index.php?rest_route=\/wp\/v2\/types\/post"}],"author":[{"embeddable":true,"href":"https:\/\/podernacional.com\/index.php?rest_route=\/wp\/v2\/users\/1"}],"replies":[{"embeddable":true,"href":"https:\/\/podernacional.com\/index.php?rest_route=%2Fwp%2Fv2%2Fcomments&post=8799"}],"version-history":[{"count":1,"href":"https:\/\/podernacional.com\/index.php?rest_route=\/wp\/v2\/posts\/8799\/revisions"}],"predecessor-version":[{"id":8800,"href":"https:\/\/podernacional.com\/index.php?rest_route=\/wp\/v2\/posts\/8799\/revisions\/8800"}],"wp:featuredmedia":[{"embeddable":true,"href":"https:\/\/podernacional.com\/index.php?rest_route=\/wp\/v2\/media\/8801"}],"wp:attachment":[{"href":"https:\/\/podernacional.com\/index.php?rest_route=%2Fwp%2Fv2%2Fmedia&parent=8799"}],"wp:term":[{"taxonomy":"category","embeddable":true,"href":"https:\/\/podernacional.com\/index.php?rest_route=%2Fwp%2Fv2%2Fcategories&post=8799"},{"taxonomy":"post_tag","embeddable":true,"href":"https:\/\/podernacional.com\/index.php?rest_route=%2Fwp%2Fv2%2Ftags&post=8799"}],"curies":[{"name":"wp","href":"https:\/\/api.w.org\/{rel}","templated":true}]}}