{"id":8805,"date":"2022-09-03T18:45:23","date_gmt":"2022-09-03T23:45:23","guid":{"rendered":"https:\/\/podernacional.com\/?p=8805"},"modified":"2022-09-03T23:45:25","modified_gmt":"2022-09-03T23:45:25","slug":"festival-del-globo-de-mexquitic-no-cuenta-con-permisos-de-seguridad-proteccion-civil-podria-cancelarse","status":"publish","type":"post","link":"https:\/\/podernacional.com\/?p=8805","title":{"rendered":"Festival del Globo de Mexquitic no cuenta con permisos de seguridad: Protecci\u00f3n Civil; podr\u00eda cancelarse"},"content":{"rendered":"<h4>El alcalde Jos\u00e9 Hilario Leal Quist\u00ed\u00e1n revir\u00f3 que est\u00e1 garantizado el evento.<\/h4>\n<p>Festival del Globo de Mexquitic: Aunque el titular de Protecci\u00f3n Civil, Mauricio Ordaz Flores, \u00abse niegue\u00bb a darles el permiso<\/p>\n<p>Festival del Globo de Mexquitic no cuenta con permisos de seguridad: Protecci\u00f3n Civil; podr\u00eda cancelarse.<\/p>\n<p>La Coordinaci\u00f3n de Protecci\u00f3n Civil del estado alert\u00f3 que el evento al que convoca el Ayuntamiento de Mexquitic de Carmona.<\/p>\n<p>Ademas del Festival del Globo, no cuenta con los permisos para garantizar la seguridad de los asistentes.<\/p>\n<p>Al respecto, el director general de la Coordinaci\u00f3n Estatal de Protecci\u00f3n Civil (CEPC), Mauricio Ordaz Flores.<\/p>\n<p>El cual advirti\u00f3 que los municipios no pueden pasar por alto las leyes y reglamentos del estado.<\/p>\n<p>\u201cCon todo respeto para el alcalde, existen leyes y reglamentos que se deben cumplir y si \u00e9l\u201d.<\/p>\n<p>\u201cComo primera autoridad de Mexquitic de Carmona, no lo entiende, estamos ante un problema\u201d.<\/p>\n<h4>\u201cSin embargo, por encima de la ley nadie va a pasar\u201d.<\/h4>\n<p>\u201cAdemas que\u00a0si detectamos riesgo para la realizaci\u00f3n de tal evento, no se va a realizar\u201d, explic\u00f3 Ordaz Flores.<\/p>\n<p>\u00a1No te lo pierdas! Visita el festival de globos aerost\u00e1ticos en Mexquitic de Carmona<\/p>\n<p>En entrevista por separado, el alcalde Jos\u00e9 Hilario Leal Quist\u00ed\u00e1n asegur\u00f3 que est\u00e1 garantizado el evento.<\/p>\n<p>Aunque el titular de Protecci\u00f3n Civil, Mauricio Ordaz Flores, se niegue a darles el permiso respectivo.<\/p>\n<p>\u00abHemos revisado todo, nos extra\u00f1a que no nos quieran otorgar el permiso\u201d.<\/p>\n<p>\u201cAdem\u00e1s no es un evento improvisado, tenemos cientos de familias cada fin de semana en la presa\u00bb, afirm\u00f3.<\/p>\n<p>Finalmente, asegur\u00f3 que har\u00e1n lo propio para obtener el permiso, y reiter\u00f3 que el festival sigue en pie<\/p>\n<p>El alcalde Jos\u00e9 Hilario Leal Quist\u00ed\u00e1n revir\u00f3 que est\u00e1 garantizado el evento<\/p>\n<p>Aunque el titular de Protecci\u00f3n Civil, Mauricio Ordaz Flores, \u00abse niegue\u00bb a darles el permiso<\/p>\n<p>Festival del Globo de Mexquitic no cuenta con permisos de seguridad: Protecci\u00f3n Civil; podr\u00eda cancelarse.<\/p>\n<p>La Coordinaci\u00f3n de Protecci\u00f3n Civil del estado alert\u00f3 que el evento al que convoca el Ayuntamiento de Mexquitic de Carmona.<\/p>\n<p>Ademas del Festival del Globo, no cuenta con los permisos para garantizar la seguridad de los asistentes.<\/p>\n<p>Al respecto, el director general de la Coordinaci\u00f3n Estatal de Protecci\u00f3n Civil (CEPC), Mauricio Ordaz Flores.<\/p>\n<p>El cual advirti\u00f3 que los municipios no pueden pasar por alto las leyes y reglamentos del estado.<\/p>\n<p>\u201cCon todo respeto para el alcalde, existen leyes y reglamentos que se deben cumplir y si \u00e9l\u201d.<\/p>\n<p>\u201cComo primera autoridad de Mexquitic de Carmona, no lo entiende, estamos ante un problema\u201d.<\/p>\n<h4>\u201cSin embargo, por encima de la ley nadie va a pasar\u201d.<\/h4>\n<p>\u201cAdemas que\u00a0si detectamos riesgo para la realizaci\u00f3n de tal evento, no se va a realizar\u201d, explic\u00f3 Ordaz Flores.<\/p>\n<p>\u00a1No te lo pierdas! Visita el festival de globos aerost\u00e1ticos en Mexquitic de Carmona<\/p>\n<p>En entrevista por separado, el alcalde Jos\u00e9 Hilario Leal Quist\u00ed\u00e1n asegur\u00f3 que est\u00e1 garantizado el evento.<\/p>\n<p>Aunque el titular de Protecci\u00f3n Civil, Mauricio Ordaz Flores, se niegue a darles el permiso respectivo.<\/p>\n<p>\u00abHemos revisado todo, nos extra\u00f1a que no nos quieran otorgar el permiso\u201d.<\/p>\n<p>\u201cAdem\u00e1s no es un evento improvisado, tenemos cientos de familias cada fin de semana en la presa\u00bb, afirm\u00f3.<\/p>\n<p>Finalmente, asegur\u00f3 que har\u00e1n lo propio para obtener el permiso, y reiter\u00f3 que el festival sigue en pie<\/p>\n<p>El alcalde Jos\u00e9 Hilario Leal Quist\u00ed\u00e1n revir\u00f3 que est\u00e1 garantizado el evento<\/p>\n<p>Aunque el titular de Protecci\u00f3n Civil, Mauricio Ordaz Flores, \u00abse niegue\u00bb a darles el permiso<\/p>\n<h4>Festival del Globo de Mexquitic no cuenta con permisos de seguridad: Protecci\u00f3n Civil; podr\u00eda cancelarse.<\/h4>\n<p>La Coordinaci\u00f3n de Protecci\u00f3n Civil del estado alert\u00f3 que el evento al que convoca el Ayuntamiento de Mexquitic de Carmona.<\/p>\n<p>Ademas del Festival del Globo, no cuenta con los permisos para garantizar la seguridad de los asistentes.<\/p>\n<p>Al respecto, el director general de la Coordinaci\u00f3n Estatal de Protecci\u00f3n Civil (CEPC), Mauricio Ordaz Flores.<\/p>\n<p>El cual advirti\u00f3 que los municipios no pueden pasar por alto las leyes y reglamentos del estado.<\/p>\n<p>\u201cCon todo respeto para el alcalde, existen leyes y reglamentos que se deben cumplir y si \u00e9l\u201d.<\/p>\n<p>\u201cComo primera autoridad de Mexquitic de Carmona, no lo entiende, estamos ante un problema\u201d.<\/p>\n<p>\u201cSin embargo, por encima de la ley nadie va a pasar\u201d.<\/p>\n<h4>\u201cAdemas que\u00a0si detectamos riesgo para la realizaci\u00f3n de tal evento, no se va a realizar\u201d, explic\u00f3 Ordaz Flores.<\/h4>\n<p>\u00a1No te lo pierdas! Visita el festival de globos aerost\u00e1ticos en Mexquitic de Carmona<\/p>\n<p>En entrevista por separado, el alcalde Jos\u00e9 Hilario Leal Quist\u00ed\u00e1n asegur\u00f3 que est\u00e1 garantizado el evento.<\/p>\n<p>Aunque el titular de Protecci\u00f3n Civil, Mauricio Ordaz Flores, se niegue a darles el permiso respectivo.<\/p>\n<p>\u00abHemos revisado todo, nos extra\u00f1a que no nos quieran otorgar el permiso\u201d.<\/p>\n<p>\u201cAdem\u00e1s no es un evento improvisado, tenemos cientos de familias cada fin de semana en la presa\u00bb, afirm\u00f3.<\/p>\n<p>Finalmente, asegur\u00f3 que har\u00e1n lo propio para obtener el permiso, y reiter\u00f3 que el festival sigue en pie.<\/p>\n","protected":false},"excerpt":{"rendered":"<p>El alcalde Jos\u00e9 Hilario Leal Quist\u00ed\u00e1n revir\u00f3 que est\u00e1 garantizado el evento. Festival del Globo de Mexquitic: Aunque el titular de Protecci\u00f3n Civil, Mauricio Ordaz Flores, \u00abse niegue\u00bb a darles el permiso Festival del Globo de Mexquitic no cuenta con permisos de seguridad: Protecci\u00f3n Civil; podr\u00eda cancelarse. La Coordinaci\u00f3n de Protecci\u00f3n Civil del estado alert\u00f3 [&hellip;]<\/p>\n","protected":false},"author":1,"featured_media":8807,"comment_status":"open","ping_status":"closed","sticky":false,"template":"","format":"standard","meta":{"footnotes":""},"categories":[2,5],"tags":[],"class_list":["post-8805","post","type-post","status-publish","format-standard","has-post-thumbnail","hentry","category-cultural","category-internacional"],"_links":{"self":[{"href":"https:\/\/podernacional.com\/index.php?rest_route=\/wp\/v2\/posts\/8805","targetHints":{"allow":["GET"]}}],"collection":[{"href":"https:\/\/podernacional.com\/index.php?rest_route=\/wp\/v2\/posts"}],"about":[{"href":"https:\/\/podernacional.com\/index.php?rest_route=\/wp\/v2\/types\/post"}],"author":[{"embeddable":true,"href":"https:\/\/podernacional.com\/index.php?rest_route=\/wp\/v2\/users\/1"}],"replies":[{"embeddable":true,"href":"https:\/\/podernacional.com\/index.php?rest_route=%2Fwp%2Fv2%2Fcomments&post=8805"}],"version-history":[{"count":1,"href":"https:\/\/podernacional.com\/index.php?rest_route=\/wp\/v2\/posts\/8805\/revisions"}],"predecessor-version":[{"id":8806,"href":"https:\/\/podernacional.com\/index.php?rest_route=\/wp\/v2\/posts\/8805\/revisions\/8806"}],"wp:featuredmedia":[{"embeddable":true,"href":"https:\/\/podernacional.com\/index.php?rest_route=\/wp\/v2\/media\/8807"}],"wp:attachment":[{"href":"https:\/\/podernacional.com\/index.php?rest_route=%2Fwp%2Fv2%2Fmedia&parent=8805"}],"wp:term":[{"taxonomy":"category","embeddable":true,"href":"https:\/\/podernacional.com\/index.php?rest_route=%2Fwp%2Fv2%2Fcategories&post=8805"},{"taxonomy":"post_tag","embeddable":true,"href":"https:\/\/podernacional.com\/index.php?rest_route=%2Fwp%2Fv2%2Ftags&post=8805"}],"curies":[{"name":"wp","href":"https:\/\/api.w.org\/{rel}","templated":true}]}}