{"id":8808,"date":"2022-09-03T18:59:28","date_gmt":"2022-09-03T23:59:28","guid":{"rendered":"https:\/\/podernacional.com\/?p=8808"},"modified":"2022-09-03T23:59:29","modified_gmt":"2022-09-03T23:59:29","slug":"formula-1-a-que-hora-es-el-gran-premio-de-paises-bajos","status":"publish","type":"post","link":"https:\/\/podernacional.com\/?p=8808","title":{"rendered":"F\u00f3rmula 1: \u00bfA qu\u00e9 hora es el Gran Premio de Pa\u00edses Bajos?"},"content":{"rendered":"<h4>La carrera en el circuito de Zandvoort, decimoquinta fecha del campeonato de F\u00f3rmula 1.<\/h4>\n<p>F\u00f3rmula 1: Ademas que se disputa a partir de las 08:00 horas, tiempo del centro de M\u00e9xico<\/p>\n<p>Este domingo 4 de septiembre se celebrar\u00e1 el Gran Premio de Pa\u00edses Bajos a las 8:00 horas (tiempo de la Ciudad de M\u00e9xico).<\/p>\n<p>Con esto, en el que Checo P\u00e9rez partir\u00e1 desde la quinta posici\u00f3n de la parrilla.<\/p>\n<p>Ademas que la misma que ser\u00e1 liderada por Max Verstappen, compa\u00f1ero del mexicano en la escuder\u00eda Red Bull.<\/p>\n<p>Checo P\u00e9rez tuvo una clasificaci\u00f3n complicada este s\u00e1bado.<\/p>\n<p>Pues a pesar de que todo indicaba que el mexicano ten\u00eda opciones de terminar entre la segunda y tercera posici\u00f3n.<\/p>\n<h4>Con esto, un fallo en la \u00faltima vuelta hizo que finalmente culminara en el quinto lugar.<\/h4>\n<p>Ademas que un\u00a0sitio desde que largar\u00e1 el tapat\u00edo este domingo en punto de las 8:00 horas en el Gran Premio de Pa\u00edses Bajos.<\/p>\n<p>Max Verstappen de Red Bull partir\u00e1 en la primera posici\u00f3n de la parrilla en el Circuito de Zandvoort.<\/p>\n<p>En el segundo y tercer sitio aparecen el monegasco Charles Leclerc y el espa\u00f1ol Carlos Sainz, pilotos de Ferrari.<\/p>\n<p>Mientras que en el cuarto lugar est\u00e1 Lewis Hamilton.<\/p>\n<p>El Gran Premio de Pa\u00edses Bajos, es la d\u00e9cima quinta carrera de la temporada 2022 de la F\u00f3rmula 1.<\/p>\n<p>Ademas que a\u00a0la que Max Verstappen llega como l\u00edder del campeonato de pilotos con 284 puntos, seguido por Checo P\u00e9rez.<\/p>\n<p>Por ende quien ocupa el segundo pelda\u00f1o con 191 unidades.<\/p>\n<h4>Con esto el\u00a0sitio que recuper\u00f3 en el Gran Premio de B\u00e9lgica que se celebr\u00f3 el pasado 28 de agosto.<\/h4>\n<p>Checo P\u00e9rez arrancar\u00e1 desde la quinta posici\u00f3n en el Gran Premio de Pa\u00edses Bajos.<\/p>\n<p>Adem\u00e1s de que Red Bull domina el campeonato de pilotos, la escuder\u00eda austriaca tambi\u00e9n domina el de constructores con 475 unidades.<\/p>\n<p>Con esto, seguido por los 357 de Ferrari y los 316 de Mercedes.<\/p>\n<p>Checo P\u00e9rez buscar\u00e1 en el Gran Premio de Pa\u00edses Bajos su octavo podio en lo que va de la temporada 2022 de la F\u00f3rmula 1.<\/p>\n<p>El mexicano se ha subido al segundo escal\u00f3n en Australia, Emilia-Roma\u00f1a, Espa\u00f1a, Azerbaiy\u00e1n, Gran Breta\u00f1a y B\u00e9lgica.<\/p>\n<p>Adem\u00e1s de que gan\u00f3 el Gran Premio de M\u00f3naco.<\/p>\n","protected":false},"excerpt":{"rendered":"<p>La carrera en el circuito de Zandvoort, decimoquinta fecha del campeonato de F\u00f3rmula 1. F\u00f3rmula 1: Ademas que se disputa a partir de las 08:00 horas, tiempo del centro de M\u00e9xico Este domingo 4 de septiembre se celebrar\u00e1 el Gran Premio de Pa\u00edses Bajos a las 8:00 horas (tiempo de la Ciudad de M\u00e9xico). Con [&hellip;]<\/p>\n","protected":false},"author":1,"featured_media":8810,"comment_status":"open","ping_status":"closed","sticky":false,"template":"","format":"standard","meta":{"footnotes":""},"categories":[3,5],"tags":[],"class_list":["post-8808","post","type-post","status-publish","format-standard","has-post-thumbnail","hentry","category-deportes","category-internacional"],"_links":{"self":[{"href":"https:\/\/podernacional.com\/index.php?rest_route=\/wp\/v2\/posts\/8808","targetHints":{"allow":["GET"]}}],"collection":[{"href":"https:\/\/podernacional.com\/index.php?rest_route=\/wp\/v2\/posts"}],"about":[{"href":"https:\/\/podernacional.com\/index.php?rest_route=\/wp\/v2\/types\/post"}],"author":[{"embeddable":true,"href":"https:\/\/podernacional.com\/index.php?rest_route=\/wp\/v2\/users\/1"}],"replies":[{"embeddable":true,"href":"https:\/\/podernacional.com\/index.php?rest_route=%2Fwp%2Fv2%2Fcomments&post=8808"}],"version-history":[{"count":1,"href":"https:\/\/podernacional.com\/index.php?rest_route=\/wp\/v2\/posts\/8808\/revisions"}],"predecessor-version":[{"id":8809,"href":"https:\/\/podernacional.com\/index.php?rest_route=\/wp\/v2\/posts\/8808\/revisions\/8809"}],"wp:featuredmedia":[{"embeddable":true,"href":"https:\/\/podernacional.com\/index.php?rest_route=\/wp\/v2\/media\/8810"}],"wp:attachment":[{"href":"https:\/\/podernacional.com\/index.php?rest_route=%2Fwp%2Fv2%2Fmedia&parent=8808"}],"wp:term":[{"taxonomy":"category","embeddable":true,"href":"https:\/\/podernacional.com\/index.php?rest_route=%2Fwp%2Fv2%2Fcategories&post=8808"},{"taxonomy":"post_tag","embeddable":true,"href":"https:\/\/podernacional.com\/index.php?rest_route=%2Fwp%2Fv2%2Ftags&post=8808"}],"curies":[{"name":"wp","href":"https:\/\/api.w.org\/{rel}","templated":true}]}}